{"id":2625,"date":"2025-08-01T15:11:50","date_gmt":"2025-08-01T15:11:50","guid":{"rendered":"https:\/\/www.diariohiggins.cl\/portal\/?p=2625"},"modified":"2025-08-01T15:11:52","modified_gmt":"2025-08-01T15:11:52","slug":"mineduc-entrega-nuevos-resultados-de-asignacion-de-beneficios-estudiantiles-para-educacion-superior-2025","status":"publish","type":"post","link":"https:\/\/www.diariohiggins.cl\/portal\/2025\/08\/01\/mineduc-entrega-nuevos-resultados-de-asignacion-de-beneficios-estudiantiles-para-educacion-superior-2025\/","title":{"rendered":"MINEDUC entrega nuevos resultados de asignaci\u00f3n de beneficios estudiantiles para Educaci\u00f3n Superior 2025"},"content":{"rendered":"\n<ul class=\"wp-block-list\">\n<li><em>La Subsecretar\u00eda de Educaci\u00f3n Superior inform\u00f3 la tercera asignaci\u00f3n de beneficios estudiantiles para la educaci\u00f3n superior, en la que se observa que este a\u00f1o el 65,66% de las personas matriculadas en carreras de pregrado presencial accedieron a beneficios del Estado para cursar sus estudios. Los resultados est\u00e1n disponibles en <a href=\"http:\/\/www.resultados.beneficiosestudiantiles.cl\">www.resultados.beneficiosestudiantiles.cl<\/a> \u00a0\u202f<\/em><\/li>\n\n\n\n<li><em>En O\u00b4Higgins, la secretaria regional ministerial de Educaci\u00f3n, Alyson Hadad, inform\u00f3 que &#8211; a la fecha &#8211; \u00a0m\u00e1s de 40 mil beneficios han sido otorgados a estudiantes de la regi\u00f3n.<\/em><\/li>\n\n\n\n<li><em>En paralelo se abri\u00f3 el \u00faltimo proceso de apelaci\u00f3n para quienes necesiten hacerlo por distintas causales, entre ellas, cambios en los ingresos de sus familias o la cesant\u00eda de alguno\/a de sus integrantes.\u202f<\/em>\u202f\u00a0<\/li>\n<\/ul>\n\n\n\n<figure class=\"wp-block-image size-full\"><img loading=\"lazy\" decoding=\"async\" width=\"768\" height=\"1024\" src=\"https:\/\/www.diariohiggins.cl\/portal\/wp-content\/uploads\/2025\/08\/seremi-ed-superior.jpg\" alt=\"\" class=\"wp-image-2626\" srcset=\"https:\/\/www.diariohiggins.cl\/portal\/wp-content\/uploads\/2025\/08\/seremi-ed-superior.jpg 768w, https:\/\/www.diariohiggins.cl\/portal\/wp-content\/uploads\/2025\/08\/seremi-ed-superior-225x300.jpg 225w, https:\/\/www.diariohiggins.cl\/portal\/wp-content\/uploads\/2025\/08\/seremi-ed-superior-110x147.jpg 110w, https:\/\/www.diariohiggins.cl\/portal\/wp-content\/uploads\/2025\/08\/seremi-ed-superior-200x267.jpg 200w, https:\/\/www.diariohiggins.cl\/portal\/wp-content\/uploads\/2025\/08\/seremi-ed-superior-380x507.jpg 380w, https:\/\/www.diariohiggins.cl\/portal\/wp-content\/uploads\/2025\/08\/seremi-ed-superior-255x340.jpg 255w, https:\/\/www.diariohiggins.cl\/portal\/wp-content\/uploads\/2025\/08\/seremi-ed-superior-300x400.jpg 300w, https:\/\/www.diariohiggins.cl\/portal\/wp-content\/uploads\/2025\/08\/seremi-ed-superior-550x733.jpg 550w\" sizes=\"auto, (max-width: 768px) 100vw, 768px\" \/><\/figure>\n\n\n\n<p><strong>01 de agosto de 2025.- <\/strong>Este jueves el Ministerio de Educaci\u00f3n, a trav\u00e9s de la Subsecretar\u00eda de Educaci\u00f3n Superior, inform\u00f3 la tercera asignaci\u00f3n de beneficios estudiantiles para la educaci\u00f3n superior 2025.<\/p>\n\n\n\n<p>\u201cTras este proceso, m\u00e1s de 40 mil 800 &nbsp;estudiantes podr\u00e1n contar con alg\u00fan beneficio estudiantil \u2013becas, cr\u00e9ditos o gratuidad- para iniciar o continuar sus estudios. &nbsp;Del total de ellas y ellos, 18.273 &nbsp;estudiar\u00e1n este a\u00f1o con gratuidad pues cumplen con el requisito socioecon\u00f3mico y se matricularon en una de las 68 instituciones adscritas al sistema, lo que representa un 59%\u201d, inform\u00f3 la SEREMI, Alyson Hadad.<\/p>\n\n\n\n<p>Con relaci\u00f3n a otros beneficios, en 2025 se asignaron 6.691 becas de arancel y se informaron 1.392 cr\u00e9ditos del Fondo Solidario. Estas cifras consideran aportes asignados por primera vez y renovaci\u00f3n de beneficio.<\/p>\n\n\n\n<p>El subsecretario de Educaci\u00f3n Superior, V\u00edctor Orellana, destac\u00f3 la importancia de estas asignaciones para las y los estudiantes: \u201cestos beneficios que otorga el Estado son cruciales para quienes los reciben ya que tienen implicancias s\u00faper concretas en sus vidas. Para muchas personas es lo que les permite ingresar a la educaci\u00f3n o continuar sus estudios, de otra manera no podr\u00edan hacerlo. Es por ello que es tan importante que podamos seguir avanzando en garantizar el acceso a la educaci\u00f3n\u201d.&nbsp;<\/p>\n\n\n\n<p>Todas y todos los estudiantes pueden revisar sus resultados de gratuidad, becas y cr\u00e9dito Fondo Solidario desde hoy en <a href=\"https:\/\/nam02.safelinks.protection.outlook.com\/?url=https%3A%2F%2Fresultados.beneficiosestudiantiles.cl%2F&amp;data=05%7C02%7Clorena.munoz%40mineduc.cl%7Ce98ee19e6979496490c308ddd077d7e7%7C2e4cfe500580414093874ecde39def60%7C0%7C0%7C638895935564960922%7CUnknown%7CTWFpbGZsb3d8eyJFbXB0eU1hcGkiOnRydWUsIlYiOiIwLjAuMDAwMCIsIlAiOiJXaW4zMiIsIkFOIjoiTWFpbCIsIldUIjoyfQ%3D%3D%7C0%7C%7C%7C&amp;sdata=Ls0dQPhDliXO5DMQVNdJsMBd72dM%2Fy5hQlQCoC5AFzU%3D&amp;reserved=0\" target=\"_blank\" rel=\"noreferrer noopener\">resultados.beneficiosestudiantiles.cl<\/a>\u202f&nbsp;<\/p>\n\n\n\n<p><strong>Nueva apelaci\u00f3n online<\/strong>\u202f&nbsp;<\/p>\n\n\n\n<p>Adicionalmente, el MINEDUC inici\u00f3 un nuevo proceso de apelaci\u00f3n online que se extender\u00e1 hasta el pr\u00f3ximo lunes 18 de agosto de 2025, a las 23:59 horas. Para esto las y los estudiantes deben ingresar al portal de resultados y apelar en la misma plataforma en la que postularon con su RUT y contrase\u00f1a. \u202f&nbsp;<br>\u202f&nbsp;<br>Respecto a las nuevas apelaciones, la seremi Alyson Hadad, se\u00f1alo que: \u201cen esa misma l\u00ednea, para esta \u00faltima apelaci\u00f3n las\/os estudiantes podr\u00e1n ingresar a la plataforma con su Clave \u00danica, la cual podr\u00e1n solicitar en el Registro Civil, y que podr\u00e1 ser utilizada para realizar el proceso de matr\u00edcula duplicada\u201d.<\/p>\n\n\n\n<p>Durante este &nbsp;per\u00edodo podr\u00e1n apelar aquellas\/os &nbsp;estudiantes que postularon al proceso de beneficios estudiantiles para la educaci\u00f3n superior 2025 y no est\u00e1n conformes con el resultado informado. Cabe recordar que para apelar hay 13 causales distintas, entre ellas cambios en los ingresos de las familias o la cesant\u00eda de alguno\/a de sus integrantes.<\/p>\n","protected":false},"excerpt":{"rendered":"01 de agosto de 2025.- Este jueves el Ministerio de Educaci\u00f3n, a trav\u00e9s de la Subsecretar\u00eda de Educaci\u00f3n&hellip;\n","protected":false},"author":4,"featured_media":2627,"comment_status":"closed","ping_status":"closed","sticky":false,"template":"","format":"standard","meta":{"footnotes":""},"categories":[23],"tags":[],"class_list":{"0":"post-2625","1":"post","2":"type-post","3":"status-publish","4":"format-standard","5":"has-post-thumbnail","7":"category-principal"},"_links":{"self":[{"href":"https:\/\/www.diariohiggins.cl\/portal\/wp-json\/wp\/v2\/posts\/2625","targetHints":{"allow":["GET"]}}],"collection":[{"href":"https:\/\/www.diariohiggins.cl\/portal\/wp-json\/wp\/v2\/posts"}],"about":[{"href":"https:\/\/www.diariohiggins.cl\/portal\/wp-json\/wp\/v2\/types\/post"}],"author":[{"embeddable":true,"href":"https:\/\/www.diariohiggins.cl\/portal\/wp-json\/wp\/v2\/users\/4"}],"replies":[{"embeddable":true,"href":"https:\/\/www.diariohiggins.cl\/portal\/wp-json\/wp\/v2\/comments?post=2625"}],"version-history":[{"count":1,"href":"https:\/\/www.diariohiggins.cl\/portal\/wp-json\/wp\/v2\/posts\/2625\/revisions"}],"predecessor-version":[{"id":2628,"href":"https:\/\/www.diariohiggins.cl\/portal\/wp-json\/wp\/v2\/posts\/2625\/revisions\/2628"}],"wp:featuredmedia":[{"embeddable":true,"href":"https:\/\/www.diariohiggins.cl\/portal\/wp-json\/wp\/v2\/media\/2627"}],"wp:attachment":[{"href":"https:\/\/www.diariohiggins.cl\/portal\/wp-json\/wp\/v2\/media?parent=2625"}],"wp:term":[{"taxonomy":"category","embeddable":true,"href":"https:\/\/www.diariohiggins.cl\/portal\/wp-json\/wp\/v2\/categories?post=2625"},{"taxonomy":"post_tag","embeddable":true,"href":"https:\/\/www.diariohiggins.cl\/portal\/wp-json\/wp\/v2\/tags?post=2625"}],"curies":[{"name":"wp","href":"https:\/\/api.w.org\/{rel}","templated":true}]}}