{"id":2622,"date":"2025-08-01T12:22:40","date_gmt":"2025-08-01T12:22:40","guid":{"rendered":"https:\/\/www.diariohiggins.cl\/portal\/?p=2622"},"modified":"2025-08-01T12:22:42","modified_gmt":"2025-08-01T12:22:42","slug":"comenzo-la-postulacion-a-los-proyectos-de-participacion-activa-de-la-red-maestros-de-maestros","status":"publish","type":"post","link":"https:\/\/www.diariohiggins.cl\/portal\/2025\/08\/01\/comenzo-la-postulacion-a-los-proyectos-de-participacion-activa-de-la-red-maestros-de-maestros\/","title":{"rendered":"Comenz\u00f3 la postulaci\u00f3n a los Proyectos de Participaci\u00f3n Activa de la Red Maestros de Maestros"},"content":{"rendered":"\n<ul class=\"wp-block-list\">\n<li><em>Su prop\u00f3sito es fortalecer las pr\u00e1cticas docentes y fomentar una cultura de la colaboraci\u00f3n profesional.<\/em><\/li>\n<\/ul>\n\n\n\n<p>Los Proyectos de Participaci\u00f3n Activa \u2013 PPA &#8211; &nbsp;son iniciativas lideradas por Maestros y Maestras de la Red, basadas en el acompa\u00f1amiento pedag\u00f3gico entre pares e implementadas en una comunidad educativa o en una red de establecimientos.<\/p>\n\n\n\n<p>En plena fase de postulaci\u00f3n, la seremi de Educaci\u00f3n, Alyson Hadad, inform\u00f3 que \u201cestos proyectos&nbsp; buscan desarrollar capacidades profesionales y apoyar la progresi\u00f3n en la carrera docente, est\u00e1n dirigidos a docentes y educadores\/as de aula, de una comunidad educativa o de una red de establecimientos, priorizando la participaci\u00f3n de quienes se encuentran en los tramos acceso, inicial y temprano de la carrera profesional\u201d, explic\u00f3 la autoridad.<\/p>\n\n\n\n<p><strong>\u00bfQui\u00e9nes pueden postular?<\/strong><\/p>\n\n\n\n<p>Pueden postular los Maestros de Maestros de la Red que se desempe\u00f1en como docentes de aula, con al menos 20 horas semanales en establecimientos adscritos al Sistema de Desarrollo Profesional Docente.<\/p>\n\n\n\n<p>Al implementar un PPA, los Maestros y Maestras comparten sus saberes pedag\u00f3gicos y disciplinares, contribuyendo al desarrollo profesional de sus colegas. Por realizar esta labor reciben una suma adicional como reconocimiento.<\/p>\n\n\n\n<p><strong>Proyectos institucionales y proyectos individuales<\/strong><\/p>\n\n\n\n<p>Las\/os Maestros de Maestros, pueden postular y ser seleccionados en uno de los dos tipos de proyectos: institucionales e individuales, que se ejecutar\u00e1n con un m\u00e1ximo de 80 horas cronol\u00f3gicas.<\/p>\n\n\n\n<p>Estos proyectos deber\u00e1n contar con el patrocinio del director del establecimiento en el que se implementar\u00e1.<\/p>\n\n\n\n<p><strong>PPA Institucionales<\/strong><\/p>\n\n\n\n<p>Son propuestas pedag\u00f3gicas elaboradas por el Ministerio de Educaci\u00f3n para ser implementadas por los Maestros en su contexto educativo. Tienen una duraci\u00f3n de 80 horas cronol\u00f3gicas.<\/p>\n\n\n\n<p>Este a\u00f1o los PPA Institucionales son:<\/p>\n\n\n\n<p>\u2022&nbsp;&nbsp;&nbsp;&nbsp;&nbsp; Acompa\u00f1amiento especial a docentes principiantes.<\/p>\n\n\n\n<p>\u2022&nbsp;&nbsp;&nbsp;&nbsp;&nbsp; Pr\u00e1cticas esenciales de LEC para aprender.<\/p>\n\n\n\n<p>\u2022&nbsp;&nbsp;&nbsp;&nbsp;&nbsp; Bienestar docente.<\/p>\n\n\n\n<p>\u2022&nbsp;&nbsp;&nbsp;&nbsp;&nbsp; Protagonistas del Cambio: aprendizaje colaborativo para la transformaci\u00f3n educativa.<\/p>\n\n\n\n<p>El plazo de postulaci\u00f3n es hasta el martes 05 de agosto a las 16:00 horas.<\/p>\n\n\n\n<p><strong>PPA Individuales<\/strong><\/p>\n\n\n\n<p>Son propuestas creadas por los propios Maestros, en base a las necesidades de desarrollo profesional detectadas localmente. Esto requiere de un trabajo coordinado con la entidad sostenedora y con los Departamentos Provinciales de Educaci\u00f3n.<\/p>\n\n\n\n<p>Estos proyectos permiten acompa\u00f1ar hasta 30 docentes y educadores\/as de aula, y requieren de una justificaci\u00f3n de la propuesta y un plan de trabajo de hasta 80 horas cronol\u00f3gicas.<\/p>\n\n\n\n<p>El plazo para realizar la postulaci\u00f3n a esta categor\u00eda vence el lunes 18 de agosto a las 16:00 horas.<\/p>\n\n\n\n<p>Para m\u00e1s consultas: <a href=\"mailto:postulaciones.ppa@mineduc.cl\">postulaciones.ppa@mineduc.cl<\/a><\/p>\n","protected":false},"excerpt":{"rendered":"Los Proyectos de Participaci\u00f3n Activa \u2013 PPA &#8211; &nbsp;son iniciativas lideradas por Maestros y Maestras de la Red,&hellip;\n","protected":false},"author":4,"featured_media":2623,"comment_status":"closed","ping_status":"closed","sticky":false,"template":"","format":"standard","meta":{"footnotes":""},"categories":[23],"tags":[],"class_list":{"0":"post-2622","1":"post","2":"type-post","3":"status-publish","4":"format-standard","5":"has-post-thumbnail","7":"category-principal"},"_links":{"self":[{"href":"https:\/\/www.diariohiggins.cl\/portal\/wp-json\/wp\/v2\/posts\/2622","targetHints":{"allow":["GET"]}}],"collection":[{"href":"https:\/\/www.diariohiggins.cl\/portal\/wp-json\/wp\/v2\/posts"}],"about":[{"href":"https:\/\/www.diariohiggins.cl\/portal\/wp-json\/wp\/v2\/types\/post"}],"author":[{"embeddable":true,"href":"https:\/\/www.diariohiggins.cl\/portal\/wp-json\/wp\/v2\/users\/4"}],"replies":[{"embeddable":true,"href":"https:\/\/www.diariohiggins.cl\/portal\/wp-json\/wp\/v2\/comments?post=2622"}],"version-history":[{"count":1,"href":"https:\/\/www.diariohiggins.cl\/portal\/wp-json\/wp\/v2\/posts\/2622\/revisions"}],"predecessor-version":[{"id":2624,"href":"https:\/\/www.diariohiggins.cl\/portal\/wp-json\/wp\/v2\/posts\/2622\/revisions\/2624"}],"wp:featuredmedia":[{"embeddable":true,"href":"https:\/\/www.diariohiggins.cl\/portal\/wp-json\/wp\/v2\/media\/2623"}],"wp:attachment":[{"href":"https:\/\/www.diariohiggins.cl\/portal\/wp-json\/wp\/v2\/media?parent=2622"}],"wp:term":[{"taxonomy":"category","embeddable":true,"href":"https:\/\/www.diariohiggins.cl\/portal\/wp-json\/wp\/v2\/categories?post=2622"},{"taxonomy":"post_tag","embeddable":true,"href":"https:\/\/www.diariohiggins.cl\/portal\/wp-json\/wp\/v2\/tags?post=2622"}],"curies":[{"name":"wp","href":"https:\/\/api.w.org\/{rel}","templated":true}]}}