{"id":2619,"date":"2025-07-30T19:15:00","date_gmt":"2025-07-30T19:15:00","guid":{"rendered":"https:\/\/www.diariohiggins.cl\/portal\/?p=2619"},"modified":"2025-07-30T19:15:03","modified_gmt":"2025-07-30T19:15:03","slug":"comienzan-postulaciones-para-el-sistema-de-admision-escolar-2026-sae","status":"publish","type":"post","link":"https:\/\/www.diariohiggins.cl\/portal\/2025\/07\/30\/comienzan-postulaciones-para-el-sistema-de-admision-escolar-2026-sae\/","title":{"rendered":"Comienzan postulaciones para el Sistema de Admisi\u00f3n Escolar 2026 (SAE)"},"content":{"rendered":"\n<ul class=\"wp-block-list\">\n<li><em>Este a\u00f1o, las postulaciones para el \u00a0SAE se realizar\u00e1n \u00a0entre el martes 5 de agosto, a partir de las 9:00 horas, y el jueves 28 de agosto, hasta las 14:00 horas. Los resultados se conocer\u00e1n entre el 15 y el 21 de octubre, y luego, habr\u00e1 un per\u00edodo complementario de postulaci\u00f3n entre el 12 y 19 de noviembre.<\/em><\/li>\n<\/ul>\n\n\n\n<p>A d\u00edas que comience el per\u00edodo principal para postular al Sistema de Admisi\u00f3n Escolar a\u00f1o 2026, la seremi de Educaci\u00f3n de la regi\u00f3n de O\u00b4Higgins, Alyson Hadad, inform\u00f3:<\/p>\n\n\n\n<p>\u201cEste a\u00f1o la postulaci\u00f3n del SAE para el per\u00edodo escolar 2026 comenzar\u00e1 este pr\u00f3ximo martes &nbsp;5 de agosto; no obstante, recordamos a las familias que tienen hasta el lunes 4 para hacer el registro anticipado, el cual permite conocer la plataforma, crear usuarios, recuperar contrase\u00f1as, revisar que el curso al que postular\u00e1 sea el correcto, e informarse en profundidad de los establecimientos de su inter\u00e9s para el a\u00f1o escolar 2026\u201d, indic\u00f3 la autoridad.<\/p>\n\n\n\n<p>Dicho registro anticipado se realiza en <a href=\"http:\/\/www.sistemadeadmisionescolar.cl\">www.sistemadeadmisionescolar.cl<\/a> &nbsp;en el bot\u00f3n \u201cReg\u00edstrate aqu\u00ed\u201d.<\/p>\n\n\n\n<p>La vitrina de establecimientos est\u00e1 disponible en <a href=\"https:\/\/admision.mineduc.cl\/vitrina-vue\/\">https:\/\/admision.mineduc.cl\/vitrina-vue\/<\/a> y en ella las familias pueden revisar la cantidad de vacantes que cada establecimiento ofrecer\u00e1 este a\u00f1o, los indicadores de desempe\u00f1o acad\u00e9mico de la Agencia de Calidad de la Educaci\u00f3n, las caracter\u00edsticas de infraestructura, las actividades extraprogram\u00e1ticas, los apoyos acad\u00e9micos y la ubicaci\u00f3n geogr\u00e1fica, entre otros.<\/p>\n\n\n\n<p>Por otra parte, en el sitio web de Ayuda Mineduc (<a href=\"https:\/\/www.ayudamineduc.cl\">https:\/\/www.ayudamineduc.cl<\/a> ) las y los apoderados pueden realizar en l\u00ednea los tr\u00e1mites que se requieran para hacer la postulaci\u00f3n, como vincular a un ni\u00f1o o ni\u00f1a como su estudiante en caso de que este no sea su hijo o hija, u obtener el Identificador Provisorio del Estudiante (IPE) y el Identificador Provisorio del Apoderado (IPA), en caso de que sean extranjeros. Igualmente, pueden solicitar cambios del curso al que postulan.<\/p>\n\n\n\n<p><strong>\u00bfQui\u00e9nes deben postular?<\/strong><\/p>\n\n\n\n<p>\u201cSi bien el SAE puede ser ocupado por todas las familias, hay grupos que est\u00e1n obligados a usarlo si quieren matricular a sus estudiantes en establecimientos p\u00fablicos (municipales, corporaciones y SLEP) o subvencionados\u201d, aclar\u00f3 la seremi Alyson Hadad.<\/p>\n\n\n\n<p>Por ello, quienes S\u00cd deben postular v\u00eda SAE, son:<\/p>\n\n\n\n<ul class=\"wp-block-list\">\n<li>Ni\u00f1as y ni\u00f1os que entran al sistema educacional; por ejemplo, aquellos que el pr\u00f3ximo a\u00f1o cursar\u00e1n prek\u00ednder, k\u00ednder o 1\u00b0 b\u00e1sico.<\/li>\n\n\n\n<li>Estudiantes que est\u00e1n en un establecimiento que no cuenta con el siguiente nivel educativo: por ejemplo, si est\u00e1n en una escuela que llega s\u00f3lo a 8\u00b0 b\u00e1sico y pasan a 1\u00b0 a\u00f1o medio.<\/li>\n\n\n\n<li>Familias que se est\u00e1n cambiando de ciudad, por lo que necesariamente tienen que cambiar a sus hijos de establecimiento.<\/li>\n\n\n\n<li>Aquellas familias que est\u00e1n llegando a Chile y buscan un recinto educacional para sus hijas\/os.<\/li>\n\n\n\n<li>Estudiantes que quieran reinsertarse en el sistema educativo, excepto si tienen 15 a\u00f1os o m\u00e1s y deben retomar la ense\u00f1anza b\u00e1sica (17 a\u00f1os en caso de educaci\u00f3n media)<\/li>\n<\/ul>\n\n\n\n<p>Finalmente, la titular regional del MINEDUC, Seremi Alyson Hadad, \u201ceste sistema est\u00e1 en r\u00e9gimen desde el 2020; por lo que desde ese a\u00f1o y por primera vez en la historia, el Estado sabe exactamente en cu\u00e1les zonas del pa\u00eds faltan vacantes para estudiantes, lo que ha permitido gestionar la apertura de cupos\u201d.<\/p>\n","protected":false},"excerpt":{"rendered":"A d\u00edas que comience el per\u00edodo principal para postular al Sistema de Admisi\u00f3n Escolar a\u00f1o 2026, la seremi&hellip;\n","protected":false},"author":4,"featured_media":2620,"comment_status":"closed","ping_status":"closed","sticky":false,"template":"","format":"standard","meta":{"footnotes":""},"categories":[23],"tags":[],"class_list":{"0":"post-2619","1":"post","2":"type-post","3":"status-publish","4":"format-standard","5":"has-post-thumbnail","7":"category-principal"},"_links":{"self":[{"href":"https:\/\/www.diariohiggins.cl\/portal\/wp-json\/wp\/v2\/posts\/2619","targetHints":{"allow":["GET"]}}],"collection":[{"href":"https:\/\/www.diariohiggins.cl\/portal\/wp-json\/wp\/v2\/posts"}],"about":[{"href":"https:\/\/www.diariohiggins.cl\/portal\/wp-json\/wp\/v2\/types\/post"}],"author":[{"embeddable":true,"href":"https:\/\/www.diariohiggins.cl\/portal\/wp-json\/wp\/v2\/users\/4"}],"replies":[{"embeddable":true,"href":"https:\/\/www.diariohiggins.cl\/portal\/wp-json\/wp\/v2\/comments?post=2619"}],"version-history":[{"count":1,"href":"https:\/\/www.diariohiggins.cl\/portal\/wp-json\/wp\/v2\/posts\/2619\/revisions"}],"predecessor-version":[{"id":2621,"href":"https:\/\/www.diariohiggins.cl\/portal\/wp-json\/wp\/v2\/posts\/2619\/revisions\/2621"}],"wp:featuredmedia":[{"embeddable":true,"href":"https:\/\/www.diariohiggins.cl\/portal\/wp-json\/wp\/v2\/media\/2620"}],"wp:attachment":[{"href":"https:\/\/www.diariohiggins.cl\/portal\/wp-json\/wp\/v2\/media?parent=2619"}],"wp:term":[{"taxonomy":"category","embeddable":true,"href":"https:\/\/www.diariohiggins.cl\/portal\/wp-json\/wp\/v2\/categories?post=2619"},{"taxonomy":"post_tag","embeddable":true,"href":"https:\/\/www.diariohiggins.cl\/portal\/wp-json\/wp\/v2\/tags?post=2619"}],"curies":[{"name":"wp","href":"https:\/\/api.w.org\/{rel}","templated":true}]}}