{"id":2611,"date":"2025-07-28T16:17:07","date_gmt":"2025-07-28T16:17:07","guid":{"rendered":"https:\/\/www.diariohiggins.cl\/portal\/?p=2611"},"modified":"2025-07-28T16:17:08","modified_gmt":"2025-07-28T16:17:08","slug":"este-miercoles-establecimientos-educacionales-participaran-en-jornada-nacional-contra-la-violencia-escolar","status":"publish","type":"post","link":"https:\/\/www.diariohiggins.cl\/portal\/2025\/07\/28\/este-miercoles-establecimientos-educacionales-participaran-en-jornada-nacional-contra-la-violencia-escolar\/","title":{"rendered":"Este mi\u00e9rcoles establecimientos educacionales participar\u00e1n en jornada nacional contra la violencia escolar"},"content":{"rendered":"\n<ul class=\"wp-block-list\">\n<li><em>\u201cPresentes Contra la Violencia\u201d es el nombre de la jornada que se llevar\u00e1 a cabo en todos los colegios, escuelas y liceos del pa\u00eds. En la regi\u00f3n de O\u00b4Higgins, ser\u00e1n m\u00e1s de 600 establecimientos educacionales que se sumar\u00e1n a la jornada cuyo foco es el resguardo de \u00e9stos como espacios protegidos contra la violencia.<\/em><\/li>\n<\/ul>\n\n\n\n<p>Para este mi\u00e9rcoles 30 de julio est\u00e1 programa la realizaci\u00f3n de jornadas contra la violencia escolar en todos los establecimientos educacionales del pa\u00eds y por supuesto, de la regi\u00f3n.<\/p>\n\n\n\n<p>La seremi de Educaci\u00f3n, Alyson Hadad, hizo un llamado a las y los &nbsp;sostenedores de unidades educativas para sumarse a esta iniciativa:<\/p>\n\n\n\n<p>\u201cEsta jornada tiene como prop\u00f3sito generar un espacio de trabajo en el que participen estudiantes e integrantes de todos los niveles educativos para reflexionar acerca de la importancia de prevenir la violencia y establecer necesidades y estrategias preventivas para abordar la mejora&nbsp; integral y pertinente seg\u00fan el contexto de cada comunidad educativa y reforzando el fortalecimiento de escuelas y liceos como espacios de cuidado y bienestar colectivo\u201d, anunci\u00f3 la autoridad.<\/p>\n\n\n\n<p>A nivel regional, esta jornada se replicar\u00e1 en los 676 establecimientos educacionales municipales, subvencionados, SLEP y particulares de la regi\u00f3n de acuerdo con una planificaci\u00f3n por nivel educativo (educaci\u00f3n parvularia, b\u00e1sica y media).<\/p>\n\n\n\n<p>Cabe destacar que desde el MINEDUC se ha desarrollado un trabajo sistem\u00e1tico para el fortalecimiento de aquellas comunidades educativas que promuevan una convivencia respetuosa, inclusiva y participativa; no obstante, \u201ccomo pa\u00eds nos encontramos ante un aumento de situaciones de violencia que se reflejan tambi\u00e9n en las comunidades educativas y por ello, se desarrollar\u00e1n estas jornadas pedag\u00f3gicas con la participaci\u00f3n de estudiantes y miembros de cada unidad educativa en las cuales reflexionar\u00e1n acerca de la importancia de la prevenci\u00f3n de la violencia\u201d, detall\u00f3 la autoridad.<\/p>\n\n\n\n<p>Tras las jornadas, se espera favorecer el desarrollo de estrategias preventivas de acuerdo al contexto educativo de cada comunidad educativa, que refuerce el fortalecimiento de colegios, escuelas y liceos como espacios de cuidado y bienestar educativo.<\/p>\n\n\n\n<p>Para la realizaci\u00f3n de esta jornada, el Mineduc habilit\u00f3 el sitio, <a href=\"https:\/\/presentescontralaviolencia.mineduc.cl\/\">https:\/\/presentescontralaviolencia.mineduc.cl\/<\/a> donde encontrar\u00e1n las propuestas metodol\u00f3gicas para que las comunidades educativas realicen su jornada de acuerdo con sus necesidades y matr\u00edcula.<\/p>\n\n\n\n<p>El material est\u00e1 pensado para cuatro grupos educativos: nivel medio mayor; prek\u00ednder a 2\u00b0 b\u00e1sico; 3\u00b0 b\u00e1sico a 6\u00b0 b\u00e1sico; y 7\u00b0 b\u00e1sico a 4\u00b0 medio. Tambi\u00e9n habr\u00e1 material para trabajar con madres, padres y apoderados.<\/p>\n\n\n\n<p>Autoridades regionales, visitar\u00e1n el Liceo de Ni\u00f1as de Rancagua; mientras que, desde los Departamentos Provinciales de Colchagua y Cardenal Caro, los jefes DEPROV realizar\u00e1n un despliegue en sus territorios, visitando el Liceo Ferm\u00edn del Real en Ch\u00e9pica y el Colegio Libertadores de Pichilemu.<\/p>\n\n\n\n<p><\/p>\n","protected":false},"excerpt":{"rendered":"Para este mi\u00e9rcoles 30 de julio est\u00e1 programa la realizaci\u00f3n de jornadas contra la violencia escolar en todos&hellip;\n","protected":false},"author":4,"featured_media":2612,"comment_status":"closed","ping_status":"closed","sticky":false,"template":"","format":"standard","meta":{"footnotes":""},"categories":[23],"tags":[],"class_list":{"0":"post-2611","1":"post","2":"type-post","3":"status-publish","4":"format-standard","5":"has-post-thumbnail","7":"category-principal"},"_links":{"self":[{"href":"https:\/\/www.diariohiggins.cl\/portal\/wp-json\/wp\/v2\/posts\/2611","targetHints":{"allow":["GET"]}}],"collection":[{"href":"https:\/\/www.diariohiggins.cl\/portal\/wp-json\/wp\/v2\/posts"}],"about":[{"href":"https:\/\/www.diariohiggins.cl\/portal\/wp-json\/wp\/v2\/types\/post"}],"author":[{"embeddable":true,"href":"https:\/\/www.diariohiggins.cl\/portal\/wp-json\/wp\/v2\/users\/4"}],"replies":[{"embeddable":true,"href":"https:\/\/www.diariohiggins.cl\/portal\/wp-json\/wp\/v2\/comments?post=2611"}],"version-history":[{"count":1,"href":"https:\/\/www.diariohiggins.cl\/portal\/wp-json\/wp\/v2\/posts\/2611\/revisions"}],"predecessor-version":[{"id":2613,"href":"https:\/\/www.diariohiggins.cl\/portal\/wp-json\/wp\/v2\/posts\/2611\/revisions\/2613"}],"wp:featuredmedia":[{"embeddable":true,"href":"https:\/\/www.diariohiggins.cl\/portal\/wp-json\/wp\/v2\/media\/2612"}],"wp:attachment":[{"href":"https:\/\/www.diariohiggins.cl\/portal\/wp-json\/wp\/v2\/media?parent=2611"}],"wp:term":[{"taxonomy":"category","embeddable":true,"href":"https:\/\/www.diariohiggins.cl\/portal\/wp-json\/wp\/v2\/categories?post=2611"},{"taxonomy":"post_tag","embeddable":true,"href":"https:\/\/www.diariohiggins.cl\/portal\/wp-json\/wp\/v2\/tags?post=2611"}],"curies":[{"name":"wp","href":"https:\/\/api.w.org\/{rel}","templated":true}]}}