{"id":2607,"date":"2025-07-23T17:11:22","date_gmt":"2025-07-23T17:11:22","guid":{"rendered":"https:\/\/www.diariohiggins.cl\/portal\/?p=2607"},"modified":"2025-07-23T17:11:23","modified_gmt":"2025-07-23T17:11:23","slug":"autoridades-regionales-y-comunales-de-santa-cruz-coordinan-acciones-para-prevenir-hechos-de-violencia-en-establecimientos-educacionales","status":"publish","type":"post","link":"https:\/\/www.diariohiggins.cl\/portal\/2025\/07\/23\/autoridades-regionales-y-comunales-de-santa-cruz-coordinan-acciones-para-prevenir-hechos-de-violencia-en-establecimientos-educacionales\/","title":{"rendered":"Autoridades regionales y comunales de Santa Cruz coordinan acciones para prevenir hechos de violencia en establecimientos educacionales"},"content":{"rendered":"\n<ul class=\"wp-block-list\">\n<li><em>La seremi Alyson Hadad asegur\u00f3 que el objetivo de estos esfuerzos es \u201cresguardar \u00a0que las escuelas sean espacios seguros para las comunidades educativas\u201d.<\/em><\/li>\n\n\n\n<li><em>Entre las iniciativas consideradas se incluye el levantamiento de un diagn\u00f3stico de situaciones complejas en establecimientos y que se fortalecer\u00e1 el apoyo pedag\u00f3gico y extraescolar en centros educativos que hayan experimentado situaciones de violencia.<\/em><\/li>\n<\/ul>\n\n\n\n<figure class=\"wp-block-image size-large\"><img loading=\"lazy\" decoding=\"async\" width=\"1024\" height=\"768\" src=\"https:\/\/www.diariohiggins.cl\/portal\/wp-content\/uploads\/2025\/07\/reu-sta-cruz-22.07-3-1024x768.jpeg\" alt=\"\" class=\"wp-image-2608\" srcset=\"https:\/\/www.diariohiggins.cl\/portal\/wp-content\/uploads\/2025\/07\/reu-sta-cruz-22.07-3-1024x768.jpeg 1024w, https:\/\/www.diariohiggins.cl\/portal\/wp-content\/uploads\/2025\/07\/reu-sta-cruz-22.07-3-300x225.jpeg 300w, https:\/\/www.diariohiggins.cl\/portal\/wp-content\/uploads\/2025\/07\/reu-sta-cruz-22.07-3-768x576.jpeg 768w, https:\/\/www.diariohiggins.cl\/portal\/wp-content\/uploads\/2025\/07\/reu-sta-cruz-22.07-3-110x83.jpeg 110w, https:\/\/www.diariohiggins.cl\/portal\/wp-content\/uploads\/2025\/07\/reu-sta-cruz-22.07-3-200x150.jpeg 200w, https:\/\/www.diariohiggins.cl\/portal\/wp-content\/uploads\/2025\/07\/reu-sta-cruz-22.07-3-380x285.jpeg 380w, https:\/\/www.diariohiggins.cl\/portal\/wp-content\/uploads\/2025\/07\/reu-sta-cruz-22.07-3-255x191.jpeg 255w, https:\/\/www.diariohiggins.cl\/portal\/wp-content\/uploads\/2025\/07\/reu-sta-cruz-22.07-3-550x413.jpeg 550w, https:\/\/www.diariohiggins.cl\/portal\/wp-content\/uploads\/2025\/07\/reu-sta-cruz-22.07-3-800x600.jpeg 800w, https:\/\/www.diariohiggins.cl\/portal\/wp-content\/uploads\/2025\/07\/reu-sta-cruz-22.07-3-1160x870.jpeg 1160w, https:\/\/www.diariohiggins.cl\/portal\/wp-content\/uploads\/2025\/07\/reu-sta-cruz-22.07-3.jpeg 1280w\" sizes=\"auto, (max-width: 1024px) 100vw, 1024px\" \/><\/figure>\n\n\n\n<p><strong>Rancagua, mi\u00e9rcoles 23 de julio de 2025<\/strong>. Este martes, la seremi de Educaci\u00f3n de O\u00b4Higgins, Alyson Hadad, junto con el seremi de Seguridad P\u00fablica, Rodolfo Nu\u00f1ez; la delegada presidencial provincial de Colchagua, Marta Pizarro; el director de la Superintendencia de Educaci\u00f3n, Oscar Acevedo y &nbsp;la jefa del Departamento Provincial de Educaci\u00f3n (Deprov) de Colchagua, Andrea Mira, se reunieron &nbsp;con las autoridades comunales de Santa Cruz \u2013 Municipio y DAEM \u2013 para generar estrategias orientadas a prevenir situaciones de violencia escolar,&nbsp; incluyendo aquellas que suceden fuera de los establecimientos educacionales.<\/p>\n\n\n\n<p>\u201cProducto del trabajo intersectorial entre las diversas instituciones, hoy se acord\u00f3 levantar un diagn\u00f3stico de situaciones complejas para generar una intervenci\u00f3n directa, vinculando a la comunidad educativa -estudiantes, docentes, asistentes de la educaci\u00f3n, familias, equipos directivos- con las acciones que desarrollar\u00e1n las instituciones p\u00fablicas al interior de los establecimientos que presenten problemas de violencia\u201d, explic\u00f3 la seremi Hadad.<\/p>\n\n\n\n<p>La autoridad asegur\u00f3 que el objetivo de estos esfuerzos es \u201casegurar que las escuelas sean espacios seguros para las comunidades educativas, considerando que mayoritariamente sus integrantes no se vinculan con acciones negativas; sino que participan activamente de los procesos educativos\u201d, se\u00f1al\u00f3 la autoridad.<\/p>\n\n\n\n<p>Asimismo, Hadad explic\u00f3 que se fortalecer\u00e1 el apoyo pedag\u00f3gico y extraescolar en centros educativos que hayan experimentado situaciones de violencia.<\/p>\n\n\n\n<p>En este contexto, las autoridades condenaron categ\u00f3ricamente la agresi\u00f3n sufrida por un estudiante del Liceo Bicentenario Instituto Polit\u00e9cnico Santa Cruz, ocurrida la tarde del lunes en las cercan\u00edas del terminal de buses de la comuna.<\/p>\n\n\n\n<p>Posteriormente al encuentro con autoridades, la seremi Hadad se reuni\u00f3 con el padre del estudiante agredido, quien se encuentra en recuperaci\u00f3n actualmente. En la ocasi\u00f3n, la autoridad se comprometi\u00f3 a gestionar con otras instituciones p\u00fablicas acciones de atenci\u00f3n a v\u00edctimas, reparaci\u00f3n y seguridad para el adolescente afectado y su familia, de cara a su pr\u00f3ximo retorno al liceo.<\/p>\n\n\n\n<p><strong>Jornada Presentes contra la violencia<\/strong><\/p>\n\n\n\n<p>En el \u00e1mbito de convivencia educativa y bienestar de las comunidades, el Mineduc est\u00e1 desarrollando diversas iniciativas en esta materia, como el Programa A Convivir se Aprende, que fortalece los equipos de gesti\u00f3n y de convivencia escolar de los establecimientos para prevenir situaciones de violencia; y el Programa Habilidades para la Vida.<\/p>\n\n\n\n<p>Por otro lado, tambi\u00e9n se est\u00e1 trabajando con iniciativas que consideran la articulaci\u00f3n intersectorial para resguardar la seguridad en el exterior de las escuelas, como el Programa Comunidades Educativas Protegidas y la implementaci\u00f3n de los Patrullajes Preventivos Inteligentes en entornos educativos. Asimismo, actualmente est\u00e1 en tramitaci\u00f3n en el Congreso el proyecto de ley de convivencia, buen trato y bienestar de las comunidades educativas, que propone un nuevo est\u00e1ndar para la gesti\u00f3n interna de la convivencia.<\/p>\n\n\n\n<p>A estas iniciativas se suma la Jornada Nacional \u201cPresentes contra la violencia\u201d, que se realizar\u00e1 el mi\u00e9rcoles 30 de julio, a fin de que estudiantes y todos los miembros de las comunidades educativas reflexionen y se comprometan con la construcci\u00f3n de espacios educativos de cuidado y bienestar.<\/p>\n\n\n\n<p>La convocatoria est\u00e1 abierta a todos los establecimientos educacionales del pa\u00eds, sin distinci\u00f3n de dependencia (municipales, SLEP, particulares subvencionados, particulares pagados), para que de manera voluntaria generen espacios de conversaci\u00f3n, sensibilizaci\u00f3n y compromiso activo desde las comunidades educativas contra la violencia.<\/p>\n\n\n\n<p><\/p>\n","protected":false},"excerpt":{"rendered":"Rancagua, mi\u00e9rcoles 23 de julio de 2025. Este martes, la seremi de Educaci\u00f3n de O\u00b4Higgins, Alyson Hadad, junto&hellip;\n","protected":false},"author":4,"featured_media":2609,"comment_status":"closed","ping_status":"closed","sticky":false,"template":"","format":"standard","meta":{"footnotes":""},"categories":[23],"tags":[],"class_list":{"0":"post-2607","1":"post","2":"type-post","3":"status-publish","4":"format-standard","5":"has-post-thumbnail","7":"category-principal"},"_links":{"self":[{"href":"https:\/\/www.diariohiggins.cl\/portal\/wp-json\/wp\/v2\/posts\/2607","targetHints":{"allow":["GET"]}}],"collection":[{"href":"https:\/\/www.diariohiggins.cl\/portal\/wp-json\/wp\/v2\/posts"}],"about":[{"href":"https:\/\/www.diariohiggins.cl\/portal\/wp-json\/wp\/v2\/types\/post"}],"author":[{"embeddable":true,"href":"https:\/\/www.diariohiggins.cl\/portal\/wp-json\/wp\/v2\/users\/4"}],"replies":[{"embeddable":true,"href":"https:\/\/www.diariohiggins.cl\/portal\/wp-json\/wp\/v2\/comments?post=2607"}],"version-history":[{"count":1,"href":"https:\/\/www.diariohiggins.cl\/portal\/wp-json\/wp\/v2\/posts\/2607\/revisions"}],"predecessor-version":[{"id":2610,"href":"https:\/\/www.diariohiggins.cl\/portal\/wp-json\/wp\/v2\/posts\/2607\/revisions\/2610"}],"wp:featuredmedia":[{"embeddable":true,"href":"https:\/\/www.diariohiggins.cl\/portal\/wp-json\/wp\/v2\/media\/2609"}],"wp:attachment":[{"href":"https:\/\/www.diariohiggins.cl\/portal\/wp-json\/wp\/v2\/media?parent=2607"}],"wp:term":[{"taxonomy":"category","embeddable":true,"href":"https:\/\/www.diariohiggins.cl\/portal\/wp-json\/wp\/v2\/categories?post=2607"},{"taxonomy":"post_tag","embeddable":true,"href":"https:\/\/www.diariohiggins.cl\/portal\/wp-json\/wp\/v2\/tags?post=2607"}],"curies":[{"name":"wp","href":"https:\/\/api.w.org\/{rel}","templated":true}]}}