{"id":2604,"date":"2025-07-23T12:36:49","date_gmt":"2025-07-23T12:36:49","guid":{"rendered":"https:\/\/www.diariohiggins.cl\/portal\/?p=2604"},"modified":"2025-07-23T12:36:51","modified_gmt":"2025-07-23T12:36:51","slug":"hoy-miercoles-23-de-julio-cierra-el-proceso-de-inscripcion-a-la-paes-regular","status":"publish","type":"post","link":"https:\/\/www.diariohiggins.cl\/portal\/2025\/07\/23\/hoy-miercoles-23-de-julio-cierra-el-proceso-de-inscripcion-a-la-paes-regular\/","title":{"rendered":"Hoy mi\u00e9rcoles 23 de julio cierra el proceso de inscripci\u00f3n a la PAES Regular"},"content":{"rendered":"\n<ul class=\"wp-block-list\">\n<li><em>Las personas interesadas en rendir la PAES Regular pueden inscribirse en <\/em><a href=\"https:\/\/nam02.safelinks.protection.outlook.com\/?url=https%3A%2F%2Fdemre.cl%2F&amp;data=05%7C02%7Clorena.munoz%40mineduc.cl%7Ca2a82f78c05e41e6832b08ddc884b009%7C2e4cfe500580414093874ecde39def60%7C0%7C0%7C638887194490418134%7CUnknown%7CTWFpbGZsb3d8eyJFbXB0eU1hcGkiOnRydWUsIlYiOiIwLjAuMDAwMCIsIlAiOiJXaW4zMiIsIkFOIjoiTWFpbCIsIldUIjoyfQ%3D%3D%7C0%7C%7C%7C&amp;sdata=66Xjg6eh%2BCk7zlpN85IFJZZ3Tzr2zT0T4jN529I4IsE%3D&amp;reserved=0\" target=\"_blank\" rel=\"noreferrer noopener\"><em>demre.cl<\/em><\/a><em> y en <\/em><a href=\"https:\/\/nam02.safelinks.protection.outlook.com\/?url=https%3A%2F%2Facceso.mineduc.cl%2F&amp;data=05%7C02%7Clorena.munoz%40mineduc.cl%7Ca2a82f78c05e41e6832b08ddc884b009%7C2e4cfe500580414093874ecde39def60%7C0%7C0%7C638887194490438456%7CUnknown%7CTWFpbGZsb3d8eyJFbXB0eU1hcGkiOnRydWUsIlYiOiIwLjAuMDAwMCIsIlAiOiJXaW4zMiIsIkFOIjoiTWFpbCIsIldUIjoyfQ%3D%3D%7C0%7C%7C%7C&amp;sdata=UBUnslgwyS4dnFhrvf0OmFjtk6vVHz6NHPaaKIcjc10%3D&amp;reserved=0\" target=\"_blank\" rel=\"noreferrer noopener\"><em>acceso.mineduc.cl.<\/em><\/a><em> \u00a0<\/em><\/li>\n\n\n\n<li><em>Las pruebas se aplicar\u00e1n el 1, 2 y 3 de diciembre de 2025. \u00a0<\/em><\/li>\n<\/ul>\n\n\n\n<p>Este <strong>mi\u00e9rcoles 23 de julio a las 13:00 horas<\/strong> finalizar\u00e1 el periodo de inscripci\u00f3n para rendir las pruebas que se aplicar\u00e1n el lunes 1, martes 2 y mi\u00e9rcoles 3 de diciembre de este a\u00f1o, en m\u00e1s de 200 sedes a lo largo de Chile.&nbsp;<\/p>\n\n\n\n<p>En la etapa de inscripci\u00f3n, que inici\u00f3 el pasado 2 de junio, pueden participar todas y todos quienes est\u00e9n cursando 4\u00ba medio y quienes hayan egresado de ense\u00f1anza media el a\u00f1o pasado o en a\u00f1os anteriores. Para hacerlo, deben ingresar al portal disponible en <a href=\"https:\/\/nam02.safelinks.protection.outlook.com\/?url=https%3A%2F%2Fdemre.cl%2F&amp;data=05%7C02%7Clorena.munoz%40mineduc.cl%7Ca2a82f78c05e41e6832b08ddc884b009%7C2e4cfe500580414093874ecde39def60%7C0%7C0%7C638887194490454510%7CUnknown%7CTWFpbGZsb3d8eyJFbXB0eU1hcGkiOnRydWUsIlYiOiIwLjAuMDAwMCIsIlAiOiJXaW4zMiIsIkFOIjoiTWFpbCIsIldUIjoyfQ%3D%3D%7C0%7C%7C%7C&amp;sdata=YyA3NSrbcdYmFNWZXPOJL7kw0nX9ZMijeQsH6rWeQhY%3D&amp;reserved=0\" target=\"_blank\" rel=\"noreferrer noopener\">demre.cl<\/a> y en <a href=\"https:\/\/nam02.safelinks.protection.outlook.com\/?url=https%3A%2F%2Facceso.mineduc.cl%2F&amp;data=05%7C02%7Clorena.munoz%40mineduc.cl%7Ca2a82f78c05e41e6832b08ddc884b009%7C2e4cfe500580414093874ecde39def60%7C0%7C0%7C638887194490470601%7CUnknown%7CTWFpbGZsb3d8eyJFbXB0eU1hcGkiOnRydWUsIlYiOiIwLjAuMDAwMCIsIlAiOiJXaW4zMiIsIkFOIjoiTWFpbCIsIldUIjoyfQ%3D%3D%7C0%7C%7C%7C&amp;sdata=LAC2oTP0Ae6ME%2BMbc24%2FLT2ayNEGHtXlHp77jtw5wrY%3D&amp;reserved=0\" target=\"_blank\" rel=\"noreferrer noopener\">acceso.mineduc.cl<\/a>, completar el formulario y descargar su tarjeta de identificaci\u00f3n. &nbsp;<\/p>\n\n\n\n<p>La seremi de Educaci\u00f3n de la regi\u00f3n de O\u2019Higgins, Alyson Hadad, &nbsp;invit\u00f3 a las personas que deseen rendir la PAES a no dejar la inscripci\u00f3n para \u00faltima hora: \u201ces importante que todas y todos quienes tengan pensado el pr\u00f3ximo a\u00f1o comenzar a estudiar una carrera, alcancen a inscribirse para rendir las pruebas en diciembre. Nos hemos orientado a fortalecer ejes centrales como lo son la equidad y la inclusi\u00f3n\u201d.<\/p>\n\n\n\n<p>&nbsp;<strong>Beca PAES y precios de la inscripci\u00f3n<\/strong>&nbsp;<\/p>\n\n\n\n<p>\u201cQuienes actualmente est\u00e9n cursando 4\u00ba medio en establecimientos municipales, de Servicios Locales de Educaci\u00f3n P\u00fablica (SLEP), de administraci\u00f3n delegada y particulares subvencionados cuentan con beca PAES y, por lo tanto, no pagan el arancel de inscripci\u00f3n. Lo mismo rige para estudiantes de colegios particulares pagados que acrediten situaci\u00f3n socioecon\u00f3mica vulnerable ante el MINEDUC\u201d, inform\u00f3 la secretaria ministerial, Alyson Hadad.<\/p>\n\n\n\n<p>Quienes est\u00e1n en 4\u00b0 medio deben inscribir las dos pruebas obligatorias (Competencia Lectora y Competencia Matem\u00e1tica 1, M1), las que vendr\u00e1n marcadas al ingresar al portal de inscripci\u00f3n. A estas deben sumar, al menos, una prueba electiva (Ciencias y\/o Historia y Ciencias Sociales). Si la carrera de su inter\u00e9s lo solicita, tambi\u00e9n deber\u00e1n inscribir la PAES de Competencia Matem\u00e1tica 2 (M2). Las y los egresados de ense\u00f1anza media en a\u00f1os anteriores pueden seleccionar entre una y cinco pruebas.<\/p>\n\n\n\n<p>El arancel por pagar depender\u00e1 de la cantidad que inscriban: &nbsp;<\/p>\n\n\n\n<ul class=\"wp-block-list\">\n<li>1 prueba: $ 16.650.\u00a0<\/li>\n\n\n\n<li>2 pruebas: $ 30.475.\u00a0<\/li>\n\n\n\n<li>3 pruebas o m\u00e1s: $ 44.300.\u00a0<\/li>\n<\/ul>\n\n\n\n<p>Al igual que en a\u00f1os anteriores, al inscribir la PAES de Competencia Matem\u00e1tica 1 (M1), se puede inscribir sin costo la PAES de Competencia Matem\u00e1tica 2 (M2), y viceversa. Para hacerlo efectivo, las y los postulantes deben seleccionar ambas pruebas en el portal de inscripci\u00f3n, ya que no se agregan autom\u00e1ticamente.&nbsp;&nbsp;&nbsp;<\/p>\n\n\n\n<p><strong>Fechas del proceso de admisi\u00f3n 2026<\/strong>&nbsp;<\/p>\n\n\n\n<ul class=\"wp-block-list\">\n<li>25 de septiembre de 2025: publicaci\u00f3n de la oferta definitiva de carreras, vacantes y ponderaciones para la admisi\u00f3n 2026.\u00a0<\/li>\n\n\n\n<li>8 de octubre de 2025 (09:00 horas): publicaci\u00f3n del simulador de postulaciones.<\/li>\n\n\n\n<li>1, 2 y 3 de diciembre de 2025: aplicaci\u00f3n de la PAES Regular, admisi\u00f3n 2026.<\/li>\n\n\n\n<li>5 de enero de 2026 (08:00 horas): entrega de resultados de la PAES Regular, admisi\u00f3n 2026.<\/li>\n\n\n\n<li>5 de enero de 2026 (09:00 horas): inicio etapa de postulaci\u00f3n a las universidades, admisi\u00f3n 2026.<\/li>\n\n\n\n<li>8 de enero de 2026 (13:00 horas): t\u00e9rmino etapa de postulaci\u00f3n a las universidades, admisi\u00f3n 2026.<\/li>\n\n\n\n<li>19 de enero de 2026 (12:00 horas): entrega de resultados del proceso de selecci\u00f3n, admisi\u00f3n 2026.<\/li>\n\n\n\n<li>20 al 22 de enero de 2026: primera etapa de matr\u00edcula, admisi\u00f3n 2026.<\/li>\n\n\n\n<li>23 al 29 de enero de 2026: segunda etapa de matr\u00edcula, admisi\u00f3n 2026.\u00a0<\/li>\n<\/ul>\n","protected":false},"excerpt":{"rendered":"Este mi\u00e9rcoles 23 de julio a las 13:00 horas finalizar\u00e1 el periodo de inscripci\u00f3n para rendir las pruebas&hellip;\n","protected":false},"author":4,"featured_media":2605,"comment_status":"closed","ping_status":"closed","sticky":false,"template":"","format":"standard","meta":{"footnotes":""},"categories":[23],"tags":[],"class_list":{"0":"post-2604","1":"post","2":"type-post","3":"status-publish","4":"format-standard","5":"has-post-thumbnail","7":"category-principal"},"_links":{"self":[{"href":"https:\/\/www.diariohiggins.cl\/portal\/wp-json\/wp\/v2\/posts\/2604","targetHints":{"allow":["GET"]}}],"collection":[{"href":"https:\/\/www.diariohiggins.cl\/portal\/wp-json\/wp\/v2\/posts"}],"about":[{"href":"https:\/\/www.diariohiggins.cl\/portal\/wp-json\/wp\/v2\/types\/post"}],"author":[{"embeddable":true,"href":"https:\/\/www.diariohiggins.cl\/portal\/wp-json\/wp\/v2\/users\/4"}],"replies":[{"embeddable":true,"href":"https:\/\/www.diariohiggins.cl\/portal\/wp-json\/wp\/v2\/comments?post=2604"}],"version-history":[{"count":1,"href":"https:\/\/www.diariohiggins.cl\/portal\/wp-json\/wp\/v2\/posts\/2604\/revisions"}],"predecessor-version":[{"id":2606,"href":"https:\/\/www.diariohiggins.cl\/portal\/wp-json\/wp\/v2\/posts\/2604\/revisions\/2606"}],"wp:featuredmedia":[{"embeddable":true,"href":"https:\/\/www.diariohiggins.cl\/portal\/wp-json\/wp\/v2\/media\/2605"}],"wp:attachment":[{"href":"https:\/\/www.diariohiggins.cl\/portal\/wp-json\/wp\/v2\/media?parent=2604"}],"wp:term":[{"taxonomy":"category","embeddable":true,"href":"https:\/\/www.diariohiggins.cl\/portal\/wp-json\/wp\/v2\/categories?post=2604"},{"taxonomy":"post_tag","embeddable":true,"href":"https:\/\/www.diariohiggins.cl\/portal\/wp-json\/wp\/v2\/tags?post=2604"}],"curies":[{"name":"wp","href":"https:\/\/api.w.org\/{rel}","templated":true}]}}