{"id":2586,"date":"2025-07-10T18:56:24","date_gmt":"2025-07-10T18:56:24","guid":{"rendered":"https:\/\/www.diariohiggins.cl\/portal\/?p=2586"},"modified":"2025-07-10T18:56:26","modified_gmt":"2025-07-10T18:56:26","slug":"autoridades-presentaron-los-avances-de-la-ley-que-fortalece-y-moderniza-la-educacion-parvularia","status":"publish","type":"post","link":"https:\/\/www.diariohiggins.cl\/portal\/2025\/07\/10\/autoridades-presentaron-los-avances-de-la-ley-que-fortalece-y-moderniza-la-educacion-parvularia\/","title":{"rendered":"Autoridades presentaron los avances de la ley que fortalece y moderniza la Educaci\u00f3n Parvularia"},"content":{"rendered":"\n<ul class=\"wp-block-list\">\n<li>La ley que moderniza la oferta de la Educaci\u00f3n Parvularia fue aprobada con amplio respaldo en el Congreso Nacional el 22 de abril del a\u00f1o en curso. Impulsado por el Ministerio de Educaci\u00f3n, forma parte de la Agenda Sala Cuna para Chile y busca sentar las bases para adaptar el sistema parvulario a los nuevos desaf\u00edos del pa\u00eds.<\/li>\n<\/ul>\n\n\n\n<figure class=\"wp-block-image size-large\"><img loading=\"lazy\" decoding=\"async\" width=\"768\" height=\"1024\" src=\"https:\/\/www.diariohiggins.cl\/portal\/wp-content\/uploads\/2025\/07\/iae-parvulario-3-768x1024.jpg\" alt=\"\" class=\"wp-image-2587\" srcset=\"https:\/\/www.diariohiggins.cl\/portal\/wp-content\/uploads\/2025\/07\/iae-parvulario-3-768x1024.jpg 768w, https:\/\/www.diariohiggins.cl\/portal\/wp-content\/uploads\/2025\/07\/iae-parvulario-3-225x300.jpg 225w, https:\/\/www.diariohiggins.cl\/portal\/wp-content\/uploads\/2025\/07\/iae-parvulario-3-1152x1536.jpg 1152w, https:\/\/www.diariohiggins.cl\/portal\/wp-content\/uploads\/2025\/07\/iae-parvulario-3-110x147.jpg 110w, https:\/\/www.diariohiggins.cl\/portal\/wp-content\/uploads\/2025\/07\/iae-parvulario-3-200x267.jpg 200w, https:\/\/www.diariohiggins.cl\/portal\/wp-content\/uploads\/2025\/07\/iae-parvulario-3-380x507.jpg 380w, https:\/\/www.diariohiggins.cl\/portal\/wp-content\/uploads\/2025\/07\/iae-parvulario-3-255x340.jpg 255w, https:\/\/www.diariohiggins.cl\/portal\/wp-content\/uploads\/2025\/07\/iae-parvulario-3-300x400.jpg 300w, https:\/\/www.diariohiggins.cl\/portal\/wp-content\/uploads\/2025\/07\/iae-parvulario-3-550x733.jpg 550w, https:\/\/www.diariohiggins.cl\/portal\/wp-content\/uploads\/2025\/07\/iae-parvulario-3-800x1067.jpg 800w, https:\/\/www.diariohiggins.cl\/portal\/wp-content\/uploads\/2025\/07\/iae-parvulario-3-1160x1547.jpg 1160w, https:\/\/www.diariohiggins.cl\/portal\/wp-content\/uploads\/2025\/07\/iae-parvulario-3.jpg 1200w\" sizes=\"auto, (max-width: 768px) 100vw, 768px\" \/><\/figure>\n\n\n\n<p>Autoridades del Gabinete Regional de Educaci\u00f3n de O\u00b4Higgins, liderado por la Seremi del ramo, Alyson Hadad, en conjunto con las directoras regionales de JUNJI, Marjorie Alzamora e Integra, Ximena Ortega, anunciaron la Ley de Modernizaci\u00f3n de la Educaci\u00f3n Parvularia, recientemente promulgada y que busca mejorar la calidad y el acceso a la educaci\u00f3n inicial, lo que representa un gran avance para el primer nivel educativo, que contar\u00e1 con una norma que atiende sus caracter\u00edsticas y particularidades.<\/p>\n\n\n\n<p>\u201cEsta ley fortalece la educaci\u00f3n p\u00fablica al garantizar un mayor acceso y equidad en la educaci\u00f3n parvularia. Con un registro claro y una oferta mejor organizada, aseguramos que m\u00e1s ni\u00f1as y ni\u00f1os accedan a jardines infantiles de calidad, con un Estado que respalda su formaci\u00f3n desde los primeros a\u00f1os de vida y que potencia su desarrollo y bienestar integral\u201d, destac\u00f3 la Seremi de Educaci\u00f3n, Alyson Hadad.<\/p>\n\n\n\n<p>Cabe se\u00f1alar que esta &nbsp;promulgaci\u00f3n de la Ley de Modernizaci\u00f3n tiene un enorme valor, especialmente en el a\u00f1o que se conmemoran los 10 a\u00f1os de la Subsecretar\u00eda de Educaci\u00f3n Parvularia.<\/p>\n\n\n\n<p>\u201cSe trata de un cuerpo legal que, por primera vez, se enfoca en las caracter\u00edsticas y particularidades de la Educaci\u00f3n Parvularia, regulando su oferta y avanzando en mejorar su informaci\u00f3n y condiciones\u201d, a\u00f1adi\u00f3 la seremi Alyson Hadad.<\/p>\n\n\n\n<p>Por su parte, Ximena Ortega Montes, directora regional de Fundaci\u00f3n Integra, coment\u00f3: \u201cEn Fundaci\u00f3n Integra nos parece un hecho hist\u00f3rico muy importante la aprobaci\u00f3n y lanzamiento de esta ley de modernizaci\u00f3n, pues es la primera ley que toma los temas urgentes propios del sector de la educaci\u00f3n parvularia y se hace cargo de ellos, ordenando y definiendo mecanismos para ordenar la informaci\u00f3n, lo que permitir\u00e1 primero conocer las necesidades, priorizando los esfuerzos; adem\u00e1s a trav\u00e9s del Plan de infraestructura permitir\u00e1, en un mediano plazo, atender los desaf\u00edos que tenemos en materia de reconocimiento oficial, garantizando a todos los ni\u00f1os y ni\u00f1as y las familias de nuestro territorio, que todas las instituciones comprometidas en brindar una educaci\u00f3n p\u00fablica y de calidad en esta primera etapa de la vida, ofreceremos los mayores est\u00e1ndares de calidad\u201d.<\/p>\n\n\n\n<p>Asimismo, la directora regional de JUNJI, Marjorie Alzamora, se\u00f1al\u00f3: \u201cFortalecer la Educaci\u00f3n Parvularia, es un pilar principal para mejorar la calidad en la atenci\u00f3n de ni\u00f1os y ni\u00f1as.&nbsp; En la Ley de Modernizaci\u00f3n se aumenta el plazo para obtenci\u00f3n de Reconocimiento Oficial del Estado de Jardines Infantiles Alternativos; entregando reconocimiento legal y asegurando el est\u00e1ndar de calidad educativa; Tambi\u00e9n se proh\u00edbe la doble matr\u00edcula lo que permite que m\u00e1s ni\u00f1os tengan la oportunidad de ingresar a la educaci\u00f3n inicial\u201d<\/p>\n\n\n\n<p><strong>Principales aspectos de la ley<\/strong><\/p>\n\n\n\n<p>Moderniza la oferta disponible<\/p>\n\n\n\n<p>\u2022&nbsp;&nbsp;&nbsp;&nbsp;&nbsp; Proh\u00edbe la doble matr\u00edcula en jardines infantiles, de manera de ofrecer esos cupos a ni\u00f1as, ni\u00f1os y familias que los necesitan.<\/p>\n\n\n\n<p>\u2022&nbsp;&nbsp;&nbsp;&nbsp;&nbsp; Establece un registro de establecimientos de educaci\u00f3n parvularia y sus sostenedores. Esto contribuir\u00e1 a mejorar la informaci\u00f3n que se tiene del nivel y tomar mejores decisiones de pol\u00edticas p\u00fablicas.<\/p>\n\n\n\n<p>Asegura est\u00e1ndares de calidad<\/p>\n\n\n\n<p>\u2022&nbsp;&nbsp;&nbsp;&nbsp;&nbsp; Entrega un reconocimiento legal y est\u00e1ndar educativo a las modalidades alternativas de JUNJI, lo que impactar\u00e1 en 509 de estos programas, donde se educan 6.499 ni\u00f1as y ni\u00f1os.<\/p>\n\n\n\n<p>\u2022&nbsp;&nbsp;&nbsp;&nbsp;&nbsp; Extiende el plazo para que los establecimientos obtengan su Reconocimiento Oficial hasta 2034, haci\u00e9ndose cargo con un sentido de pol\u00edtica de Estado que, por primera vez, viene asociado a un plan de cumplimiento de las salas cuna y jardines infantiles p\u00fablicos.<\/p>\n\n\n\n<p>Avances normativos<\/p>\n\n\n\n<p>\u2022&nbsp;&nbsp;&nbsp;&nbsp;&nbsp; Se eleva a rango legal la facultad de la Superintendencia de Educaci\u00f3n de realizar un proceso para identificar si un establecimiento cumple con los requisitos establecidos en la ley para que se le considere un establecimiento de Educaci\u00f3n Parvularia.<\/p>\n\n\n\n<p>\u2022&nbsp;&nbsp;&nbsp;&nbsp;&nbsp; Regulariza los calendarios parvularios, pues existe un vac\u00edo legal relacionado con la autorizaci\u00f3n de la suspensi\u00f3n o interrupci\u00f3n de actividades, situaci\u00f3n que a\u00fan no est\u00e1 regularizada pero que genera de facto una serie de inconvenientes.<\/p>\n\n\n\n<p>La Ley de Modernizaci\u00f3n es importante para continuar consolidando la institucionalidad y el fortalecimiento de la educaci\u00f3n inicial, promoviendo una visi\u00f3n integral, centrada en el bienestar y desarrollo de las m\u00e1s de 710 mil ni\u00f1as y ni\u00f1os que asisten a salas cuna, jardines infantiles y escuelas en todo el pa\u00eds. Para conocer m\u00e1s puedes visitar: <a href=\"https:\/\/parvularia.mineduc.cl\/ley-modernizacion\/\">https:\/\/parvularia.mineduc.cl\/ley-modernizacion\/<\/a>.<\/p>\n\n\n\n<p><\/p>\n","protected":false},"excerpt":{"rendered":"Autoridades del Gabinete Regional de Educaci\u00f3n de O\u00b4Higgins, liderado por la Seremi del ramo, Alyson Hadad, en conjunto&hellip;\n","protected":false},"author":4,"featured_media":2588,"comment_status":"closed","ping_status":"closed","sticky":false,"template":"","format":"standard","meta":{"footnotes":""},"categories":[23],"tags":[],"class_list":{"0":"post-2586","1":"post","2":"type-post","3":"status-publish","4":"format-standard","5":"has-post-thumbnail","7":"category-principal"},"_links":{"self":[{"href":"https:\/\/www.diariohiggins.cl\/portal\/wp-json\/wp\/v2\/posts\/2586","targetHints":{"allow":["GET"]}}],"collection":[{"href":"https:\/\/www.diariohiggins.cl\/portal\/wp-json\/wp\/v2\/posts"}],"about":[{"href":"https:\/\/www.diariohiggins.cl\/portal\/wp-json\/wp\/v2\/types\/post"}],"author":[{"embeddable":true,"href":"https:\/\/www.diariohiggins.cl\/portal\/wp-json\/wp\/v2\/users\/4"}],"replies":[{"embeddable":true,"href":"https:\/\/www.diariohiggins.cl\/portal\/wp-json\/wp\/v2\/comments?post=2586"}],"version-history":[{"count":1,"href":"https:\/\/www.diariohiggins.cl\/portal\/wp-json\/wp\/v2\/posts\/2586\/revisions"}],"predecessor-version":[{"id":2589,"href":"https:\/\/www.diariohiggins.cl\/portal\/wp-json\/wp\/v2\/posts\/2586\/revisions\/2589"}],"wp:featuredmedia":[{"embeddable":true,"href":"https:\/\/www.diariohiggins.cl\/portal\/wp-json\/wp\/v2\/media\/2588"}],"wp:attachment":[{"href":"https:\/\/www.diariohiggins.cl\/portal\/wp-json\/wp\/v2\/media?parent=2586"}],"wp:term":[{"taxonomy":"category","embeddable":true,"href":"https:\/\/www.diariohiggins.cl\/portal\/wp-json\/wp\/v2\/categories?post=2586"},{"taxonomy":"post_tag","embeddable":true,"href":"https:\/\/www.diariohiggins.cl\/portal\/wp-json\/wp\/v2\/tags?post=2586"}],"curies":[{"name":"wp","href":"https:\/\/api.w.org\/{rel}","templated":true}]}}