{"id":2582,"date":"2025-07-08T19:02:08","date_gmt":"2025-07-08T19:02:08","guid":{"rendered":"https:\/\/www.diariohiggins.cl\/portal\/?p=2582"},"modified":"2025-07-08T19:02:10","modified_gmt":"2025-07-08T19:02:10","slug":"esta-semana-comienza-la-entrega-de-becas-tics-a-estudiantes-de-7-basico-de-la-region","status":"publish","type":"post","link":"https:\/\/www.diariohiggins.cl\/portal\/2025\/07\/08\/esta-semana-comienza-la-entrega-de-becas-tics-a-estudiantes-de-7-basico-de-la-region\/","title":{"rendered":"Esta semana comienza la entrega de Becas TIC\u00b4S a estudiantes de 7\u00b0 b\u00e1sico de la regi\u00f3n"},"content":{"rendered":"\n<ul class=\"wp-block-list\">\n<li><em>Este 2025 en O\u00b4Higgins ser\u00e1n beneficiados 8 mil estudiantes de la totalidad de colegios municipales y algunos subvencionados de manera focalizada. Los equipos incluyen m\u00e1s de 65 software educativos; adem\u00e1s de \u00a0una aplicaci\u00f3n de Seguridad Vial implementada por CONASET.<\/em><\/li>\n<\/ul>\n\n\n\n<p>Apoyar los aprendizajes de las y los estudiantes, sus trayectorias educativas y el logro de sus metas, es el objetivo de este programa que opera desde el a\u00f1o 2009 entregando modernos equipos computacionales port\u00e1tiles a todos y todas las estudiantes de 7\u00b0 b\u00e1sico; mientras que, en el caso de los colegios subvencionados, se prioriza aquellas unidades educativas que est\u00e9n en el 40% de menores ingresos del pa\u00eds.<\/p>\n\n\n\n<p>Para la directora regional de la JUNAEB, entidad encargada de &nbsp;brindar este apoyo estudiantil: \u201cCon la entrega de la Beca TIC estamos contribuyendo a reducir la brecha digital que a\u00fan existe en nuestro pa\u00eds. Este a\u00f1o, 8.000 estudiantes de s\u00e9ptimo b\u00e1sico de la regi\u00f3n de O\u2019Higgins recibir\u00e1n un computador con internet gratuito por 10 meses y software educativos que apoyar\u00e1n sus aprendizajes y proyectos de vida. Como Junaeb, seguimos trabajando por una educaci\u00f3n m\u00e1s inclusiva y por llegar a cada rinc\u00f3n de la regi\u00f3n, para que todas y todos tengan las mismas oportunidades en sus trayectorias educativas\u00bb, se\u00f1al\u00f3 Susana Casas San Miguel.<\/p>\n\n\n\n<p>Asimismo, la secretaria regional ministerial de Educaci\u00f3n, Alyson Hadad, destac\u00f3 la importancia que tiene este programa en las trayectorias educativas de las y los estudiantes:<\/p>\n\n\n\n<p>\u201cA trav\u00e9s de la Reactivaci\u00f3n Educativa y su eje de reforzamiento de aprendizajes estamos buscando nivelar a las y los estudiantes producto de las consecuencias post pandemia; por ello, contar con un Notebook de \u00faltima generaci\u00f3n como el que recibir\u00e1n nuestros ni\u00f1os y ni\u00f1as, sin duda ser\u00e1n de gran apoyo para robustecer sus procesos de ense\u00f1anza\/aprendizaje. En nuestra b\u00fasqueda por avanzar hacia una sociedad m\u00e1s inclusiva, en la regi\u00f3n y a trav\u00e9s de JUNAEB hemos entregado m\u00e1s de 60 sets tecnol\u00f3gicos para estudiantes con necesidades educativas especiales\u201d, se\u00f1al\u00f3 la SEREMI Alyson Hadad.<\/p>\n\n\n\n<p>De acuerdo con lo informado por los Departamentos Municipales de Educaci\u00f3n, se realizar\u00e1n ceremonias de entrega en las siguientes comunas:<\/p>\n\n\n\n<figure class=\"wp-block-table\"><table class=\"has-fixed-layout\"><tbody><tr><td><strong>Comuna<\/strong><\/td><td><strong>Fecha<\/strong><\/td><td><strong>Lugar<\/strong><\/td><\/tr><tr><td>Litueche<\/td><td>Jueves 10 de julio 11:00 horas<\/td><td>Sal\u00f3n Municipal<\/td><\/tr><tr><td>Quinta de Tilcoco<\/td><td>Viernes 11 de julio &nbsp;10:30 horas<\/td><td>Multi-taller Liceo Rep\u00fablica de Italia<\/td><\/tr><tr><td>Graneros<\/td><td>Lunes 14 de julio 10:30 horas<\/td><td>Gimnasio Municipal<\/td><\/tr><tr><td>Ch\u00e9pica<\/td><td>Jueves 17 de julio 11:00 horas<\/td><td>Teatro Municipal<\/td><\/tr><tr><td>Coinco<\/td><td>Jueves 24 de julio 14:30 horas<\/td><td>Teatro Municipal<\/td><\/tr><tr><td>Olivar<\/td><td>Jueves 24 de julio 10:00 horas<\/td><td>Gimnasio Municipal<\/td><\/tr><tr><td>Machal\u00ed<\/td><td>Viernes 25 de julio 10:00 horas<\/td><td>Polideportivo Guillermo Chac\u00f3n<\/td><\/tr><tr><td>Navidad<\/td><td>Lunes 28 de julio 12:30 horas<\/td><td>Liceo Pablo Neruda<\/td><\/tr><tr><td>Lolol<\/td><td>Martes 29 de julio 15:00 horas<\/td><td>Gimnasio Municipal<\/td><\/tr><tr><td>Chimbarongo<\/td><td>Mi\u00e9rcoles 30 de julio 10:30 horas<\/td><td>Estadio Municipal<\/td><\/tr><tr><td>Coltauco<\/td><td>Viernes 01 de agosto 11:00 horas<\/td><td>Gimnasio Municipal<\/td><\/tr><tr><td>La Estrella<\/td><td>Lunes 04 de agosto 12:00 horas<\/td><td>Centro Cultural Sector Piscina<\/td><\/tr><tr><td>Marchig\u00fce<\/td><td>Martes 5 de agosto 10:30 horas<\/td><td>Residencia Estudiantil<\/td><\/tr><tr><td>Peralillo<\/td><td>Mi\u00e9rcoles 06 de agosto 10:30 horas<\/td><td>Estaci\u00f3n Cultural<\/td><\/tr><tr><td>Rengo<\/td><td>Lunes 11 de agosto &nbsp;11:00 horas<\/td><td>Gimnasio Municipal<\/td><\/tr><tr><td>San Fernando<\/td><td>Lunes 18 de agosto<\/td><td>&nbsp;<\/td><\/tr><tr><td>Requ\u00ednoa<\/td><td>Jueves 21 de agosto<\/td><td>Gimnasio Municipal<\/td><\/tr><tr><td>Pichilemu<\/td><td>Lunes 25 de agosto &nbsp;12:30 horas<\/td><td>Gimnasio Escuela Digna Camilo<\/td><\/tr><tr><td>Malloa<\/td><td>Mi\u00e9rcoles 27 de agosto 10:30 horas<\/td><td>Sal\u00f3n Auditorio Centro C\u00edvico<\/td><\/tr><tr><td>Mostazal<\/td><td>Jueves 28 de agosto &nbsp;10:30 horas<\/td><td>Gimnasio Municipal<\/td><\/tr><tr><td>Nancagua<\/td><td>Martes 02 de septiembre<\/td><td>&nbsp;<\/td><\/tr><\/tbody><\/table><\/figure>\n\n\n\n<p>&nbsp;&nbsp;<strong><em>En el caso de la informaci\u00f3n de horarios y lugares que no figuran en el listado, \u00e9stos ser\u00e1n informados por cada comuna.<\/em><\/strong><\/p>\n\n\n\n<p>Cabe destacar que aquellas comunas que no figuran en el listado est\u00e1n por confirmar la realizaci\u00f3n de ceremonia, hora y lugar; no obstante, y &nbsp;de acuerdo a lo reportado por JUNAEB O\u00b4Higgins, las fechas agendadas de entrega son:<\/p>\n\n\n\n<figure class=\"wp-block-table\"><table class=\"has-fixed-layout\"><tbody><tr><td>Pichidegua<\/td><td>Mi\u00e9rcoles 09 de julio<\/td><td>Gimnasio Municipal<\/td><\/tr><tr><td>Codegua<\/td><td>Martes 15 de julio<\/td><td>UCAM<\/td><\/tr><tr><td>Rancagua<\/td><td>Lunes 21 y martes 22 de julio<\/td><td>&nbsp;<\/td><\/tr><tr><td>Pumanque<\/td><td>Martes 29 de julio<\/td><td>Centro Cultural<\/td><\/tr><tr><td>Palmilla<\/td><td>Mi\u00e9rcoles 06 de agosto<\/td><td>Centro de Eventos Palmilla<\/td><\/tr><tr><td>Peumo<\/td><td>Jueves 07 de agosto<\/td><td>Gimnasio Escuela Antonio de Z\u00fa\u00f1iga<\/td><\/tr><tr><td>Paredones<\/td><td>Martes 12 de agosto<\/td><td>Ex Internado<\/td><\/tr><tr><td>Las Cabras<\/td><td>Mi\u00e9rcoles 13 de agosto<\/td><td>Centro Cultural Hermanos Quintanilla<\/td><\/tr><tr><td>Do\u00f1ihue<\/td><td>Jueves 14 de agosto<\/td><td>Escuela Laura Matus<\/td><\/tr><tr><td>Santa Cruz<\/td><td>Martes 19 de agosto<\/td><td>Gimnasio Liceo Mar\u00eda Auxiliadora<\/td><\/tr><tr><td>San Vicente<\/td><td>Lunes 01 de septiembre<\/td><td>Escuela Carmen Gallegos<\/td><\/tr><\/tbody><\/table><\/figure>\n","protected":false},"excerpt":{"rendered":"Apoyar los aprendizajes de las y los estudiantes, sus trayectorias educativas y el logro de sus metas, es&hellip;\n","protected":false},"author":4,"featured_media":2584,"comment_status":"closed","ping_status":"closed","sticky":false,"template":"","format":"standard","meta":{"footnotes":""},"categories":[23],"tags":[],"class_list":{"0":"post-2582","1":"post","2":"type-post","3":"status-publish","4":"format-standard","5":"has-post-thumbnail","7":"category-principal"},"_links":{"self":[{"href":"https:\/\/www.diariohiggins.cl\/portal\/wp-json\/wp\/v2\/posts\/2582","targetHints":{"allow":["GET"]}}],"collection":[{"href":"https:\/\/www.diariohiggins.cl\/portal\/wp-json\/wp\/v2\/posts"}],"about":[{"href":"https:\/\/www.diariohiggins.cl\/portal\/wp-json\/wp\/v2\/types\/post"}],"author":[{"embeddable":true,"href":"https:\/\/www.diariohiggins.cl\/portal\/wp-json\/wp\/v2\/users\/4"}],"replies":[{"embeddable":true,"href":"https:\/\/www.diariohiggins.cl\/portal\/wp-json\/wp\/v2\/comments?post=2582"}],"version-history":[{"count":1,"href":"https:\/\/www.diariohiggins.cl\/portal\/wp-json\/wp\/v2\/posts\/2582\/revisions"}],"predecessor-version":[{"id":2585,"href":"https:\/\/www.diariohiggins.cl\/portal\/wp-json\/wp\/v2\/posts\/2582\/revisions\/2585"}],"wp:featuredmedia":[{"embeddable":true,"href":"https:\/\/www.diariohiggins.cl\/portal\/wp-json\/wp\/v2\/media\/2584"}],"wp:attachment":[{"href":"https:\/\/www.diariohiggins.cl\/portal\/wp-json\/wp\/v2\/media?parent=2582"}],"wp:term":[{"taxonomy":"category","embeddable":true,"href":"https:\/\/www.diariohiggins.cl\/portal\/wp-json\/wp\/v2\/categories?post=2582"},{"taxonomy":"post_tag","embeddable":true,"href":"https:\/\/www.diariohiggins.cl\/portal\/wp-json\/wp\/v2\/tags?post=2582"}],"curies":[{"name":"wp","href":"https:\/\/api.w.org\/{rel}","templated":true}]}}