{"id":2569,"date":"2025-06-10T13:05:02","date_gmt":"2025-06-10T13:05:02","guid":{"rendered":"https:\/\/www.diariohiggins.cl\/portal\/?p=2569"},"modified":"2025-06-10T13:05:04","modified_gmt":"2025-06-10T13:05:04","slug":"avanza-proceso-de-implementacion-de-servicios-locales-de-educacion-publica-slep-en-ohiggins","status":"publish","type":"post","link":"https:\/\/www.diariohiggins.cl\/portal\/2025\/06\/10\/avanza-proceso-de-implementacion-de-servicios-locales-de-educacion-publica-slep-en-ohiggins\/","title":{"rendered":"Avanza proceso de Implementaci\u00f3n de Servicios Locales de Educaci\u00f3n P\u00fablica \u2013 SLEP \u2013 en O\u00b4Higgins"},"content":{"rendered":"\n<ul class=\"wp-block-list\">\n<li>Diversas jornadas se han sostenido entre la autoridad regional de Educaci\u00f3n, seremi Alyson Hadad, con las y los sostenedores de establecimientos educacionales municipales a prop\u00f3sito de la implementaci\u00f3n de los 5 pr\u00f3ximos SLEP que funcionar\u00e1n en nuestra regi\u00f3n.<\/li>\n<\/ul>\n\n\n\n<p>R\u00e1pidamente avanza el proceso de implementaci\u00f3n de los Servicios Locales de Educaci\u00f3n P\u00fablica en la regi\u00f3n de O\u00b4Higgins, instancia liderada por la Direcci\u00f3n de Educaci\u00f3n P\u00fablica y apoyada por la titular regional del MINEDUC, seremi Alyson Hadad, quien, a la fecha, ya ha sostenido diversas jornadas informativas con sostenedores de los servicios locales que entrar\u00e1n en r\u00e9gimen en nuestra regi\u00f3n.<\/p>\n\n\n\n<p>\u201cLa Direcci\u00f3n de Educaci\u00f3n P\u00fablica y el MINEDUC trabajaremos por acelerar el cumplimiento de los criterios que posibilitan el adecuado funcionamiento de un SLEP como servicio p\u00fablico, asegurando a la vez el correcto traspaso del servicio educativo desde las municipalidades\u201d, indic\u00f3 la seremi Alyson Hadad.<\/p>\n\n\n\n<p>De acuerdo con los territorios, los pr\u00f3ximos servicios locales de Educaci\u00f3n P\u00fablica ser\u00e1n:<\/p>\n\n\n\n<ul class=\"wp-block-list\">\n<li><strong>Valle Cachapoal<\/strong>: Rengo, Requ\u00ednoa, Malloa, Coinco, Coltauco, Do\u00f1ihue y Quinta de Tilcoco<\/li>\n\n\n\n<li><strong>Costa Colchagua<\/strong>: Santa Cruz, Peralillo, Ch\u00e9pica, Lolol, Pumanque y Palmilla.<\/li>\n\n\n\n<li><strong>Cachapoal Costa<\/strong>: San Vicente, Peumo, Las Cabras y Pichidegua.<\/li>\n\n\n\n<li><strong>Cachapoal Norte<\/strong>: Rancagua, Mostazal. Olivar, Graneros, Codegua y Machal\u00ed.<\/li>\n\n\n\n<li><strong>Cardenal Caro<\/strong><\/li>\n<\/ul>\n\n\n\n<p>Durante los \u00faltimos d\u00edas, se han realizado encuentros informativos en San Vicente y Las Cabras con directoras\/es y apoderados de las 4 comunas que agrupan al SLEP Cachapoal Costa.<\/p>\n\n\n\n<p>Tales encuentros fueron de car\u00e1cter informativo y buscan acercar a directores\/as con apoderados\/as y de este modo, generar un proceso de traspaso desde los respectivos municipios &nbsp;a los SLEP de manera ordenada. Adem\u00e1s, se consider\u00f3 la difusi\u00f3n del proceso para la elecci\u00f3n de los representantes de los Centros de Padres y Apoderados, acci\u00f3n previa para la conformaci\u00f3n del Comit\u00e9 Directivo Local y, de este modo, trabajar en la selecci\u00f3n del director ejecutivo del SLEP.<\/p>\n\n\n\n<p>Asimismo, existe un calendario de implementaci\u00f3n, el cual en O\u00b4Higgins se detalla el a\u00f1o en que \u00e9stos entrar\u00e1n en r\u00e9gimen:<\/p>\n\n\n\n<ul class=\"wp-block-list\">\n<li><strong>Valle Cachapoal:<\/strong> 2026<\/li>\n\n\n\n<li><strong>Costa Colchagua &#8211; Cachapoal Costa \u2013 Cachapoal Norte<\/strong>: 2028<\/li>\n\n\n\n<li><strong>Cardenal Caro<\/strong>: 2029<\/li>\n<\/ul>\n\n\n\n<p>Actualmente y hasta diciembre del a\u00f1o en curso, se desarrollar\u00e1 el proceso de Anticipaci\u00f3n, etapa en la cual, entre otras funciones, se debe instalar el <strong>Comit\u00e9 Directivo Local<\/strong>, el cual es &nbsp;un organismo crucial en la Nueva Educaci\u00f3n P\u00fablica, encargado de asegurar el adecuado desarrollo estrat\u00e9gico del Servicio Local y la rendici\u00f3n de cuentas del director ejecutivo ante la comunidad. Tambi\u00e9n contribuye a la vinculaci\u00f3n del Servicio con instituciones gubernamentales y comunales.<\/p>\n\n\n\n<p>Su importancia radica en que \u00e9ste es conformado por representantes de diferentes actores de la comunidad: representantes de los alcaldes, representantes de los padres y apoderados, representantes del Gobierno Regional, representantes de la comunidad educativa, de organizaciones civiles y de instituciones gubernamentales.<\/p>\n\n\n\n<p>\u201cEl Comit\u00e9 Directivo es fundamental para garantizar la transparencia, la participaci\u00f3n y la calidad del Servicio Local de Educaci\u00f3n P\u00fablica. Al involucrar a los diferentes actores de la comunidad, se promueve un mayor sentido de pertenencia y responsabilidad en la gesti\u00f3n de la educaci\u00f3n p\u00fablica\u201d, se\u00f1al\u00f3 la seremi de Educaci\u00f3n, Alyson Hadad.<\/p>\n\n\n\n<p>Otras de las instancias que crea la ley en el marco de los servicios locales de educaci\u00f3n p\u00fablica, es el <strong>Consejo Local de Educaci\u00f3n P\u00fablica<\/strong> y el Plan Estrat\u00e9gico Local.<\/p>\n\n\n\n<p>De esta manera, el Consejo Local tiene la importante misi\u00f3n es colaborar con el (la) Director Ejecutivo representando ante este\/a los intereses de las comunidades educativas, para que el servicio educacional considere adecuadamente sus necesidades y particularidades.<\/p>\n\n\n\n<p>\u201cEl Comit\u00e9 Directivo Local \u2013 CDL &#8211; &nbsp;y el Consejo Local \u2013 CL &#8211; &nbsp;son \u00f3rganos de participaci\u00f3n dentro de los Servicios Locales de Educaci\u00f3n P\u00fablica, pero con funciones distintas. El CDL, por una parte, vela por el desarrollo estrat\u00e9gico, la rendici\u00f3n de cuentas del Director Ejecutivo y la vinculaci\u00f3n con instituciones: el &nbsp;CL, por otro lado, colabora con el Director Ejecutivo, representando los intereses de la comunidad educativa y asesorando en la definici\u00f3n de pol\u00edticas\u201d, diferenci\u00f3 la autoridad regional de Educaci\u00f3n.<\/p>\n\n\n\n<p>Otra herramienta para el desarrollo de la educaci\u00f3n p\u00fablica y mejorar su calidad de manera continua, es el <strong>Plan Estrat\u00e9gico Local<\/strong> \u2013 PEL &#8211; documento que gu\u00eda la gesti\u00f3n de los SLEP definiendo objetivos, prioridades y acciones para mejorar la calidad de la educaci\u00f3n p\u00fablica en cada territorio. Cada Servicio Local debe tener su propio PEL, el cual &nbsp;debe incluir un diagn\u00f3stico de la situaci\u00f3n local, con \u00e9nfasis en las caracter\u00edsticas de los estudiantes, sus procesos de aprendizaje y la situaci\u00f3n de los establecimientos educacionales que componen el servicio local.<\/p>\n","protected":false},"excerpt":{"rendered":"R\u00e1pidamente avanza el proceso de implementaci\u00f3n de los Servicios Locales de Educaci\u00f3n P\u00fablica en la regi\u00f3n de O\u00b4Higgins,&hellip;\n","protected":false},"author":4,"featured_media":0,"comment_status":"closed","ping_status":"closed","sticky":false,"template":"","format":"standard","meta":{"footnotes":""},"categories":[23],"tags":[],"class_list":{"0":"post-2569","1":"post","2":"type-post","3":"status-publish","4":"format-standard","6":"category-principal"},"_links":{"self":[{"href":"https:\/\/www.diariohiggins.cl\/portal\/wp-json\/wp\/v2\/posts\/2569","targetHints":{"allow":["GET"]}}],"collection":[{"href":"https:\/\/www.diariohiggins.cl\/portal\/wp-json\/wp\/v2\/posts"}],"about":[{"href":"https:\/\/www.diariohiggins.cl\/portal\/wp-json\/wp\/v2\/types\/post"}],"author":[{"embeddable":true,"href":"https:\/\/www.diariohiggins.cl\/portal\/wp-json\/wp\/v2\/users\/4"}],"replies":[{"embeddable":true,"href":"https:\/\/www.diariohiggins.cl\/portal\/wp-json\/wp\/v2\/comments?post=2569"}],"version-history":[{"count":1,"href":"https:\/\/www.diariohiggins.cl\/portal\/wp-json\/wp\/v2\/posts\/2569\/revisions"}],"predecessor-version":[{"id":2570,"href":"https:\/\/www.diariohiggins.cl\/portal\/wp-json\/wp\/v2\/posts\/2569\/revisions\/2570"}],"wp:attachment":[{"href":"https:\/\/www.diariohiggins.cl\/portal\/wp-json\/wp\/v2\/media?parent=2569"}],"wp:term":[{"taxonomy":"category","embeddable":true,"href":"https:\/\/www.diariohiggins.cl\/portal\/wp-json\/wp\/v2\/categories?post=2569"},{"taxonomy":"post_tag","embeddable":true,"href":"https:\/\/www.diariohiggins.cl\/portal\/wp-json\/wp\/v2\/tags?post=2569"}],"curies":[{"name":"wp","href":"https:\/\/api.w.org\/{rel}","templated":true}]}}