{"id":2564,"date":"2025-06-05T19:14:19","date_gmt":"2025-06-05T19:14:19","guid":{"rendered":"https:\/\/www.diariohiggins.cl\/portal\/?p=2564"},"modified":"2025-06-05T19:14:20","modified_gmt":"2025-06-05T19:14:20","slug":"senado-aprueba-en-general-el-proyecto-de-ley-de-convivencia-educativa-e-inicia-su-revision-en-particular","status":"publish","type":"post","link":"https:\/\/www.diariohiggins.cl\/portal\/2025\/06\/05\/senado-aprueba-en-general-el-proyecto-de-ley-de-convivencia-educativa-e-inicia-su-revision-en-particular\/","title":{"rendered":"Senado aprueba en general el proyecto de ley de convivencia educativa e inicia su revisi\u00f3n en particular"},"content":{"rendered":"\n<ul class=\"wp-block-list\">\n<li>La iniciativa del Mineduc propone un nuevo est\u00e1ndar para la gesti\u00f3n interna de la convivencia, actualizando los reglamentos internos y creando la figura del Coordinador de Convivencia Educativa, entre otras medidas.<\/li>\n<\/ul>\n\n\n\n<p>La sala del Senado aprob\u00f3 este mi\u00e9rcoles, por unanimidad, el proyecto de ley de convivencia, buen trato y bienestar de las comunidades educativas, que es impulsado por el Ministerio de Educaci\u00f3n y que ahora ser\u00e1 revisado en particular en la Comisi\u00f3n de Educaci\u00f3n del Senado, y cuya tramitaci\u00f3n es parte incluso de las exigencias de las y los profesores, a prop\u00f3sito de los \u00faltimos casos de violencia escolar.<\/p>\n\n\n\n<p>El ministro de Educaci\u00f3n, Nicol\u00e1s Cataldo, asisti\u00f3 a la votaci\u00f3n y explic\u00f3 que este proyecto \u201cconstituye una oportunidad valiosa para que, como Estado, nos hagamos cargo de los desaf\u00edos y complejidades que enfrentan las comunidades educativas. Necesitamos mejorar la regulaci\u00f3n vigente para fortalecer las acciones de convivencia, de tal manera que sean id\u00f3neas y oportunas, tanto en las comunidades como por parte de los organismos p\u00fablicos competentes\u201d.<\/p>\n\n\n\n<p>\u201cTenemos que enfrentar este tema con decisi\u00f3n y unidad. Este es un tema en que no debemos tener diferencias, porque como pa\u00eds estamos perdiendo la batalla cultural contra la violencia, el maltrato y el odio, y no podemos legarle ese mundo a nuestros ni\u00f1os y ni\u00f1as\u201d, agreg\u00f3.<\/p>\n\n\n\n<p><strong>Proyecto de convivencia<\/strong><\/p>\n\n\n\n<p>El proyecto de ley propone un nuevo est\u00e1ndar para la gesti\u00f3n interna de la convivencia, actualizando los reglamentos internos y el Plan de Gesti\u00f3n de la Convivencia Educativa, incorporando capacitaciones de la Superintendencia de Educaci\u00f3n, y creando la figura del Coordinador de Convivencia Educativa, para que tenga un perfil profesional id\u00f3neo, dedicaci\u00f3n exclusiva y jornada completa.<\/p>\n\n\n\n<p>Respecto al bienestar de los equipos educativos, se propone reforzar el resguardo de la autoridad pedag\u00f3gica y los derechos de las y los trabajadores de la educaci\u00f3n, para lo cual se mejorar\u00e1n los estatutos que rigen a los trabajadores de la educaci\u00f3n y los procedimientos de calificaci\u00f3n de enfermedades profesionales por estr\u00e9s laboral. Adem\u00e1s, se resguardar\u00e1 que los establecimientos puedan denunciar a todo evento los casos de agresi\u00f3n a trabajadores de la educaci\u00f3n.<\/p>\n\n\n\n<p>El proyecto tambi\u00e9n refuerza los deberes de prevenci\u00f3n y actuaci\u00f3n para el adecuado resguardo de los integrantes de la comunidad, para lo cual los adultos de las comunidades educativas deber\u00e1n informar oportunamente sobre hechos que tomen conocimiento de acoso, violencia o discriminaci\u00f3n contra cualquier miembro de la comunidad.<\/p>\n\n\n\n<p>Adem\u00e1s, los establecimientos deber\u00e1n adoptar medidas preventivas, los sostenedores tendr\u00e1n que garantizar la actuaci\u00f3n oportuna del establecimiento, y los procedimientos disciplinarios deber\u00e1n asegurar la imparcialidad, privacidad, proporcionalidad y celeridad.<\/p>\n\n\n\n<p>Por \u00faltimo, el proyecto reformula la l\u00ednea de reclamos de la Superintendencia de Educaci\u00f3n, para acompa\u00f1ar preventivamente a los establecimientos, y ampl\u00eda el rol de la Agencia de Calidad de la Educaci\u00f3n para entregarles herramientas a las comunidades en el monitoreo de su convivencia interna.<\/p>\n\n\n\n<p><\/p>\n","protected":false},"excerpt":{"rendered":"La sala del Senado aprob\u00f3 este mi\u00e9rcoles, por unanimidad, el proyecto de ley de convivencia, buen trato y&hellip;\n","protected":false},"author":4,"featured_media":0,"comment_status":"closed","ping_status":"closed","sticky":false,"template":"","format":"standard","meta":{"footnotes":""},"categories":[23],"tags":[],"class_list":{"0":"post-2564","1":"post","2":"type-post","3":"status-publish","4":"format-standard","6":"category-principal"},"_links":{"self":[{"href":"https:\/\/www.diariohiggins.cl\/portal\/wp-json\/wp\/v2\/posts\/2564","targetHints":{"allow":["GET"]}}],"collection":[{"href":"https:\/\/www.diariohiggins.cl\/portal\/wp-json\/wp\/v2\/posts"}],"about":[{"href":"https:\/\/www.diariohiggins.cl\/portal\/wp-json\/wp\/v2\/types\/post"}],"author":[{"embeddable":true,"href":"https:\/\/www.diariohiggins.cl\/portal\/wp-json\/wp\/v2\/users\/4"}],"replies":[{"embeddable":true,"href":"https:\/\/www.diariohiggins.cl\/portal\/wp-json\/wp\/v2\/comments?post=2564"}],"version-history":[{"count":1,"href":"https:\/\/www.diariohiggins.cl\/portal\/wp-json\/wp\/v2\/posts\/2564\/revisions"}],"predecessor-version":[{"id":2565,"href":"https:\/\/www.diariohiggins.cl\/portal\/wp-json\/wp\/v2\/posts\/2564\/revisions\/2565"}],"wp:attachment":[{"href":"https:\/\/www.diariohiggins.cl\/portal\/wp-json\/wp\/v2\/media?parent=2564"}],"wp:term":[{"taxonomy":"category","embeddable":true,"href":"https:\/\/www.diariohiggins.cl\/portal\/wp-json\/wp\/v2\/categories?post=2564"},{"taxonomy":"post_tag","embeddable":true,"href":"https:\/\/www.diariohiggins.cl\/portal\/wp-json\/wp\/v2\/tags?post=2564"}],"curies":[{"name":"wp","href":"https:\/\/api.w.org\/{rel}","templated":true}]}}