{"id":2562,"date":"2025-06-04T12:56:58","date_gmt":"2025-06-04T12:56:58","guid":{"rendered":"https:\/\/www.diariohiggins.cl\/portal\/?p=2562"},"modified":"2025-06-04T12:57:00","modified_gmt":"2025-06-04T12:57:00","slug":"se-realiza-la-primera-sesion-de-mesa-tecnica-de-instituciones-de-educacion-superior-en-ohiggins","status":"publish","type":"post","link":"https:\/\/www.diariohiggins.cl\/portal\/2025\/06\/04\/se-realiza-la-primera-sesion-de-mesa-tecnica-de-instituciones-de-educacion-superior-en-ohiggins\/","title":{"rendered":"Se realiza la primera sesi\u00f3n de Mesa T\u00e9cnica de Instituciones de Educaci\u00f3n Superior en O\u00b4Higgins"},"content":{"rendered":"\n<ul class=\"wp-block-list\">\n<li>Con el objetivo de fortalecer el perfil de egreso de las y los estudiantes de la educaci\u00f3n t\u00e9cnico profesional del territorio, la autoridad de Educaci\u00f3n, seremi Alyson Hadad, levant\u00f3 una mesa t\u00e9cnica compuesta por la Red Futuro T\u00e9cnico y las instituciones de educaci\u00f3n superior de la regi\u00f3n.<\/li>\n<\/ul>\n\n\n\n<p>En dependencias de la serem\u00eda de Educaci\u00f3n de O\u00b4Higgins, se llev\u00f3 a cabo la primera mesa t\u00e9cnica de Instituciones de Educaci\u00f3n Superior \u2013 IES \u2013 instancia en la que participaron representantes de todas las IES presentes en la regi\u00f3n.<\/p>\n\n\n\n<p>La iniciativa, liderada por la seremi de Educaci\u00f3n, Alyson Hadad, busca continuar con el trabajo que realiza permanentemente con dichas entidades en pro de sistematizar informaci\u00f3n emanada de los sostenedores de liceos TP para asegurar las trayectorias educativas de las y los estudiantes que optan por este tipo de formaci\u00f3n.<\/p>\n\n\n\n<p>Al respecto, la seremi Alyson Hadad, indic\u00f3: \u201cLa Red Futuro T\u00e9cnico de nuestra regi\u00f3n &nbsp;forma parte de la agenda de modernizaci\u00f3n de la formaci\u00f3n TP impulsada por el Mineduc. A trav\u00e9s de esta red, se realizan conversatorios y otras actividades para promover la articulaci\u00f3n entre los establecimientos de educaci\u00f3n TP y el sector productivo, pero, adem\u00e1s, se enfoca en el desarrollo de actividades que promueven la inclusi\u00f3n social y la equidad en la formaci\u00f3n TP.\u201d<\/p>\n\n\n\n<p>Dicha mesa t\u00e9cnica se constituy\u00f3 para articular&nbsp; la educaci\u00f3n superior y la educaci\u00f3n media TP, con la participaci\u00f3n de Red Futuro T\u00e9cnico como articulador de estas iniciativas de trabajo en conjunto.<\/p>\n\n\n\n<p>Hern\u00e1n Moreno, de la Red Futuro T\u00e9cnico del MINEDUC, se\u00f1al\u00f3: \u201cDurante la jornada de trabajo, se presentaron los principales avances del trabajo colaborativo entre las IES TP y universitarias con instituciones educacionales de nivel medio TP del territorio. Adem\u00e1s, se destacaron temas como las alternancias y su importancia para el fortalecimiento de los aprendizajes de las y los estudiantes; as\u00ed como tambi\u00e9n facilitar el apoyo de sostenedores para el buen desarrollo de estas actividades\u201d.<\/p>\n\n\n\n<p>Por su parte, Claudia D\u00edaz, Presidenta de las IES VI Regi\u00f3n, manifest\u00f3:<\/p>\n\n\n\n<p>\u201cLa alianza entre Educaci\u00f3n Superior (IES), C\u00e1mara Chileno-Alemana AHK de la Red Futuro T\u00e9cnico y la SEREMI de Educaci\u00f3n es un modelo potente de gobernanza regional y colaboraci\u00f3n educativa. Este trabajo conjunto permite cerrar brechas entre la formaci\u00f3n y el trabajo, mejora la equidad territorial y ofrece a los j\u00f3venes t\u00e9cnicos-profesionales mejores oportunidades de desarrollo personal, acad\u00e9mico y laboral. Existe un compromiso de todas las casas de estudios agrupadas en las IES Sexta, de trabajar en robustecer y empoderar en un futuro pr\u00f3ximo a nuestra regi\u00f3n de la mano de la educaci\u00f3n T\u00e9cnico Profesional, y as\u00ed lograr fortalecer nuestra regi\u00f3n de O\u2019Higgins\u201d, concluy\u00f3.<\/p>\n\n\n\n<p>Las casas de estudio que conforman la IES VI Regi\u00f3n son: IPG, Universidad La Rep\u00fablica, Universidad de O\u00b4Higgins, CFT Estatal (sedes San Vicente, San Fernando y Pichilemu, IP Chile, Santo Tom\u00e1s y AIEP sedes Rancagua y San Fernando.<\/p>\n\n\n\n<p><strong>\u00bfQu\u00e9 es la Alternancia?<\/strong><\/p>\n\n\n\n<p>La alternancia es una estrategia de aprendizaje vinculada al curr\u00edculum de la Educaci\u00f3n Media T\u00e9cnico-Profesional \u2013 EMTP- &nbsp;que combina la formaci\u00f3n del liceo con la de otros espacios de aprendizaje como empresas, Centros de Formaci\u00f3n T\u00e9cnica (CFT), Institutos Profesionales (IP), organismos p\u00fablicos u otros.<\/p>\n\n\n\n<p>Su objetivo es entregar oportunidades a los estudiantes de desarrollar y perfeccionar sus conocimientos, competencias t\u00e9cnicas y habilidades socioemocionales fuera de su liceo, que los preparen mejor para el mundo del trabajo y\/o para continuar estudios en la educaci\u00f3n superior.<\/p>\n\n\n\n<p>Para este 2025, la Red Futuro T\u00e9cnico, tiene como focos fortalecer la formaci\u00f3n TP, promover el trabajo colaborativo, fomentar el aprendizaje continuo, articular la formaci\u00f3n TP con el mercado laboral; ello, a trav\u00e9s de convocatorias de redes territoriales, lanzamientos, certificaci\u00f3n de profesionales y actividades de sensibilizaci\u00f3n.<\/p>\n\n\n\n<p><\/p>\n","protected":false},"excerpt":{"rendered":"En dependencias de la serem\u00eda de Educaci\u00f3n de O\u00b4Higgins, se llev\u00f3 a cabo la primera mesa t\u00e9cnica de&hellip;\n","protected":false},"author":4,"featured_media":0,"comment_status":"closed","ping_status":"closed","sticky":false,"template":"","format":"standard","meta":{"footnotes":""},"categories":[23],"tags":[],"class_list":{"0":"post-2562","1":"post","2":"type-post","3":"status-publish","4":"format-standard","6":"category-principal"},"_links":{"self":[{"href":"https:\/\/www.diariohiggins.cl\/portal\/wp-json\/wp\/v2\/posts\/2562","targetHints":{"allow":["GET"]}}],"collection":[{"href":"https:\/\/www.diariohiggins.cl\/portal\/wp-json\/wp\/v2\/posts"}],"about":[{"href":"https:\/\/www.diariohiggins.cl\/portal\/wp-json\/wp\/v2\/types\/post"}],"author":[{"embeddable":true,"href":"https:\/\/www.diariohiggins.cl\/portal\/wp-json\/wp\/v2\/users\/4"}],"replies":[{"embeddable":true,"href":"https:\/\/www.diariohiggins.cl\/portal\/wp-json\/wp\/v2\/comments?post=2562"}],"version-history":[{"count":1,"href":"https:\/\/www.diariohiggins.cl\/portal\/wp-json\/wp\/v2\/posts\/2562\/revisions"}],"predecessor-version":[{"id":2563,"href":"https:\/\/www.diariohiggins.cl\/portal\/wp-json\/wp\/v2\/posts\/2562\/revisions\/2563"}],"wp:attachment":[{"href":"https:\/\/www.diariohiggins.cl\/portal\/wp-json\/wp\/v2\/media?parent=2562"}],"wp:term":[{"taxonomy":"category","embeddable":true,"href":"https:\/\/www.diariohiggins.cl\/portal\/wp-json\/wp\/v2\/categories?post=2562"},{"taxonomy":"post_tag","embeddable":true,"href":"https:\/\/www.diariohiggins.cl\/portal\/wp-json\/wp\/v2\/tags?post=2562"}],"curies":[{"name":"wp","href":"https:\/\/api.w.org\/{rel}","templated":true}]}}