{"id":2560,"date":"2025-06-03T18:55:55","date_gmt":"2025-06-03T18:55:55","guid":{"rendered":"https:\/\/www.diariohiggins.cl\/portal\/?p=2560"},"modified":"2025-06-03T18:55:57","modified_gmt":"2025-06-03T18:55:57","slug":"comenzo-la-inscripcion-a-la-prueba-de-acceso-a-la-educacion-superior-paes-regular-para-la-admision-2026","status":"publish","type":"post","link":"https:\/\/www.diariohiggins.cl\/portal\/2025\/06\/03\/comenzo-la-inscripcion-a-la-prueba-de-acceso-a-la-educacion-superior-paes-regular-para-la-admision-2026\/","title":{"rendered":"Comenz\u00f3 la inscripci\u00f3n a la Prueba de Acceso a la Educaci\u00f3n Superior (PAES) Regular para la Admisi\u00f3n 2026\u00a0"},"content":{"rendered":"\n<ul class=\"wp-block-list\">\n<li><em>En este proceso se pueden inscribir las y los egresados de ense\u00f1anza media y quienes est\u00e9n cursando 4\u00ba Medio actualmente. Para eso, deben llenar el formulario disponible en los sitios web <\/em><em><u><a href=\"https:\/\/nam02.safelinks.protection.outlook.com\/?url=http%3A%2F%2Fdemre.cl%2F&amp;data=05%7C02%7Cpilar.senra%40mineduc.cl%7C1953607ef01547b527ed08dda2add4a5%7C2e4cfe500580414093874ecde39def60%7C0%7C0%7C638845589674689682%7CUnknown%7CTWFpbGZsb3d8eyJFbXB0eU1hcGkiOnRydWUsIlYiOiIwLjAuMDAwMCIsIlAiOiJXaW4zMiIsIkFOIjoiTWFpbCIsIldUIjoyfQ%3D%3D%7C0%7C%7C%7C&amp;sdata=Nl0Pbh9bT8RNBbGIomNIpRSf6%2BXMtuWUNRQHyV6EjP0%3D&amp;reserved=0\" target=\"_blank\" rel=\"noreferrer noopener\">demre.cl<\/a><\/u><\/em><em> y <\/em><em><u><a href=\"https:\/\/nam02.safelinks.protection.outlook.com\/?url=http%3A%2F%2Facceso.mineduc.cl%2F&amp;data=05%7C02%7Cpilar.senra%40mineduc.cl%7C1953607ef01547b527ed08dda2add4a5%7C2e4cfe500580414093874ecde39def60%7C0%7C0%7C638845589674710650%7CUnknown%7CTWFpbGZsb3d8eyJFbXB0eU1hcGkiOnRydWUsIlYiOiIwLjAuMDAwMCIsIlAiOiJXaW4zMiIsIkFOIjoiTWFpbCIsIldUIjoyfQ%3D%3D%7C0%7C%7C%7C&amp;sdata=%2BebxmHPbNdQhCYR5X4XDLq0OK%2B5Xh7p7i80kLfi5Ce8%3D&amp;reserved=0\" target=\"_blank\" rel=\"noreferrer noopener\">acceso.mineduc.cl<\/a><\/u><\/em><em>. La inscripci\u00f3n finalizar\u00e1 el mi\u00e9rcoles 23 de julio, a las 13:00 horas.\u00a0<\/em>\u00a0<\/li>\n<\/ul>\n\n\n\n<p>Este lunes 2 de junio, a las 09:00 horas, parti\u00f3 el proceso de inscripci\u00f3n a la <strong>PAES Regular (o de verano) 2025<\/strong>, <strong>Admisi\u00f3n 2026<\/strong>, la que se aplicar\u00e1 el <strong>lunes 1, martes 2 y mi\u00e9rcoles 3 de diciembre de este a\u00f1o.&nbsp;<\/strong>&nbsp;<\/p>\n\n\n\n<p><strong>El proceso estar\u00e1 abierto hasta el mi\u00e9rcoles 23 de julio, a las 13:00 horas,<\/strong> y en este pueden inscribirse quienes hayan egresado de Ense\u00f1anza Media en 2024 o a\u00f1os anteriores, y tambi\u00e9n quienes est\u00e9n cursando 4\u00ba Medio actualmente. Para ello deben ingresar al portal que est\u00e1 disponible en los sitios web <a href=\"https:\/\/nam02.safelinks.protection.outlook.com\/?url=http%3A%2F%2Fdemre.cl%2F&amp;data=05%7C02%7Cpilar.senra%40mineduc.cl%7C1953607ef01547b527ed08dda2add4a5%7C2e4cfe500580414093874ecde39def60%7C0%7C0%7C638845589674726170%7CUnknown%7CTWFpbGZsb3d8eyJFbXB0eU1hcGkiOnRydWUsIlYiOiIwLjAuMDAwMCIsIlAiOiJXaW4zMiIsIkFOIjoiTWFpbCIsIldUIjoyfQ%3D%3D%7C0%7C%7C%7C&amp;sdata=xhvCi0pUbzxWoQeBVodjHsCXt9D3BBYV3pCFKA%2Bo764%3D&amp;reserved=0\" target=\"_blank\" rel=\"noreferrer noopener\">demre.cl<\/a> y <a href=\"https:\/\/nam02.safelinks.protection.outlook.com\/?url=http%3A%2F%2Facceso.mineduc.cl%2F&amp;data=05%7C02%7Cpilar.senra%40mineduc.cl%7C1953607ef01547b527ed08dda2add4a5%7C2e4cfe500580414093874ecde39def60%7C0%7C0%7C638845589674742153%7CUnknown%7CTWFpbGZsb3d8eyJFbXB0eU1hcGkiOnRydWUsIlYiOiIwLjAuMDAwMCIsIlAiOiJXaW4zMiIsIkFOIjoiTWFpbCIsIldUIjoyfQ%3D%3D%7C0%7C%7C%7C&amp;sdata=8tONZrbJFlhnjo5cPtjgGrUo34latG2pNWTwNnPdJb4%3D&amp;reserved=0\" target=\"_blank\" rel=\"noreferrer noopener\">acceso.mineduc.cl<\/a>, completar todos los datos y descargar su Tarjeta de Identificaci\u00f3n.&nbsp;<\/p>\n\n\n\n<p>Este a\u00f1o, como novedad, se sumaron dos nuevas localidades a la red de sedes de rendici\u00f3n de la PAES Regular: Cunco, en la Regi\u00f3n de La Araucan\u00eda, y Bulnes en la de \u00d1uble. Con ellas se alcanza un total de 203 sedes donde se aplicar\u00e1n las pruebas a lo largo y ancho del pa\u00eds.&nbsp;<\/p>\n\n\n\n<p>El subsecretario de Educaci\u00f3n Superior, V\u00edctor Orellana, se\u00f1ala que \u201cestamos avanzando hacia un sistema de acceso m\u00e1s equitativo. Hoy contamos con m\u00e1s sedes para dar la Prueba de Acceso a la Educaci\u00f3n Superior. Este es un elemento importante porque influye en la experiencia de quienes antes deb\u00edan recorrer largos trayectos para rendirla. Asimismo, hoy existen distintas v\u00edas de acceso, como el Programa M\u00e1s Mujeres Cient\u00edficas, que otorga cupos adicionales a mujeres en carreras del \u00e1rea STEM (ciencia, tecnolog\u00eda, ingenier\u00eda y matem\u00e1ticas). Hacemos un llamado a las y los futuros estudiantes a inscribirse y a informarse acerca de este tipo de programas\u201d.&nbsp;<\/p>\n\n\n\n<p>Por su parte, el jefe del \u00c1rea de Relaciones Institucionales del DEMRE, Claudio Vargas, llama a inscribirse \u201ccon antelaci\u00f3n, con tiempo, para que, en el caso que quieran cambiar alg\u00fan dato, puedan hacerlo sin contratiempos. Recordemos que despu\u00e9s del 23 de julio, cuando se cierre el Portal de Inscripci\u00f3n, ya no podr\u00e1n cambiar, por ejemplo, la sede de rendici\u00f3n y las pruebas que se quieren rendir\u201d.&nbsp;<\/p>\n\n\n\n<p>Como dato importante, se debe se\u00f1alar que los resultados de la rendici\u00f3n de invierno se publicar\u00e1n el 18 de julio, por lo tanto, habr\u00e1 un margen de cinco d\u00edas para que quienes quieran contar con m\u00e1s opciones para postular en enero de 2026, puedan inscribirse y rendir la PAES de nuevo a fin de a\u00f1o.&nbsp;&nbsp;<\/p>\n\n\n\n<p><strong>Beca PAES&nbsp;<\/strong>&nbsp;<\/p>\n\n\n\n<p>Quienes este a\u00f1o est\u00e9n cursando 4\u00ba Medio en un establecimiento municipal de Servicio Local de Educaci\u00f3n P\u00fablica (SLEP) de administraci\u00f3n delegada o en un colegio particular subvencionado podr\u00e1n acceder a la Beca PAES, que les permite inscribirse gratis a la PAES Regular. Tambi\u00e9n en el caso de algunos estudiantes de colegios particular pagados, con alguna situaci\u00f3n de vulnerabilidad acreditada ante la Subsecretar\u00eda de Educaci\u00f3n Superior.&nbsp;<\/p>\n\n\n\n<p>Las y los estudiantes que hayan egresado de Ense\u00f1anza Media en 2024 o en a\u00f1os anteriores, deben pagar el arancel de inscripci\u00f3n, el cual var\u00eda seg\u00fan la cantidad de pruebas que se seleccionen. Los valores son los siguientes:&nbsp;<\/p>\n\n\n\n<ul class=\"wp-block-list\">\n<li>1 prueba: $16.650.\u00a0<\/li>\n\n\n\n<li>2 pruebas: $30.475.\u00a0<\/li>\n\n\n\n<li>\u00a03 pruebas o m\u00e1s: $44.300.\u00a0<\/li>\n<\/ul>\n\n\n\n<p>Al igual que en a\u00f1os anteriores, inscribiendo la PAES de Competencia Matem\u00e1tica 1 (M1), se puede inscribir sin costo la PAES de Competencia Matem\u00e1tica 2 (M2) y viceversa. Para hacerlo efectivo, las y los postulantes deben seleccionar ambas pruebas en el portal de inscripci\u00f3n, ya que no se agregan autom\u00e1ticamente.&nbsp;&nbsp;<\/p>\n\n\n\n<p><strong>Pr\u00f3ximas fechas importantes<\/strong>&nbsp;<\/p>\n\n\n\n<ul class=\"wp-block-list\">\n<li>16, 17 y 18 de junio de 2025: rendici\u00f3n de la PAES de Invierno 2025, Admisi\u00f3n 2026.\u00a0<\/li>\n<\/ul>\n\n\n\n<ul class=\"wp-block-list\">\n<li>18 de julio de 2025: entrega de resultados de la PAES de Invierno 2025, Admisi\u00f3n 2026.\u00a0<\/li>\n<\/ul>\n\n\n\n<ul class=\"wp-block-list\">\n<li>25 de septiembre de 2025: publicaci\u00f3n de la Oferta Definitiva de Carreras, Vacantes y Ponderaciones para la Admisi\u00f3n 2026.\u00a0<\/li>\n<\/ul>\n\n\n\n<ul class=\"wp-block-list\">\n<li>1, 2 y 3 de diciembre de 2025: aplicaci\u00f3n de la PAES Regular, Admisi\u00f3n 2026.\u00a0<\/li>\n<\/ul>\n\n\n\n<ul class=\"wp-block-list\">\n<li>5 de enero de 2026: entrega de resultados de la PAES Regular, Admisi\u00f3n 2026.\u00a0<\/li>\n<\/ul>\n\n\n\n<ul class=\"wp-block-list\">\n<li>Del 5 al 8 de enero de 2026: etapa de postulaci\u00f3n a las universidades, Admisi\u00f3n 2026.\u00a0<\/li>\n<\/ul>\n\n\n\n<ul class=\"wp-block-list\">\n<li>19 de enero de 2026: entrega de resultados del proceso de selecci\u00f3n, Admisi\u00f3n 2026.\u00a0<\/li>\n<\/ul>\n\n\n\n<ul class=\"wp-block-list\">\n<li>Del 20 al 22 de enero de 2026: primera etapa de matr\u00edcula, Admisi\u00f3n 2026.\u00a0<\/li>\n<\/ul>\n\n\n\n<ul class=\"wp-block-list\">\n<li>Del 23 al 29 de enero de 2026: segunda etapa de matr\u00edcula, Admisi\u00f3n 2026.\u00a0<\/li>\n<\/ul>\n","protected":false},"excerpt":{"rendered":"Este lunes 2 de junio, a las 09:00 horas, parti\u00f3 el proceso de inscripci\u00f3n a la PAES Regular&hellip;\n","protected":false},"author":4,"featured_media":0,"comment_status":"closed","ping_status":"closed","sticky":false,"template":"","format":"standard","meta":{"footnotes":""},"categories":[23],"tags":[],"class_list":{"0":"post-2560","1":"post","2":"type-post","3":"status-publish","4":"format-standard","6":"category-principal"},"_links":{"self":[{"href":"https:\/\/www.diariohiggins.cl\/portal\/wp-json\/wp\/v2\/posts\/2560","targetHints":{"allow":["GET"]}}],"collection":[{"href":"https:\/\/www.diariohiggins.cl\/portal\/wp-json\/wp\/v2\/posts"}],"about":[{"href":"https:\/\/www.diariohiggins.cl\/portal\/wp-json\/wp\/v2\/types\/post"}],"author":[{"embeddable":true,"href":"https:\/\/www.diariohiggins.cl\/portal\/wp-json\/wp\/v2\/users\/4"}],"replies":[{"embeddable":true,"href":"https:\/\/www.diariohiggins.cl\/portal\/wp-json\/wp\/v2\/comments?post=2560"}],"version-history":[{"count":1,"href":"https:\/\/www.diariohiggins.cl\/portal\/wp-json\/wp\/v2\/posts\/2560\/revisions"}],"predecessor-version":[{"id":2561,"href":"https:\/\/www.diariohiggins.cl\/portal\/wp-json\/wp\/v2\/posts\/2560\/revisions\/2561"}],"wp:attachment":[{"href":"https:\/\/www.diariohiggins.cl\/portal\/wp-json\/wp\/v2\/media?parent=2560"}],"wp:term":[{"taxonomy":"category","embeddable":true,"href":"https:\/\/www.diariohiggins.cl\/portal\/wp-json\/wp\/v2\/categories?post=2560"},{"taxonomy":"post_tag","embeddable":true,"href":"https:\/\/www.diariohiggins.cl\/portal\/wp-json\/wp\/v2\/tags?post=2560"}],"curies":[{"name":"wp","href":"https:\/\/api.w.org\/{rel}","templated":true}]}}