{"id":2558,"date":"2025-06-02T12:16:13","date_gmt":"2025-06-02T12:16:13","guid":{"rendered":"https:\/\/www.diariohiggins.cl\/portal\/?p=2558"},"modified":"2025-06-02T12:16:15","modified_gmt":"2025-06-02T12:16:15","slug":"solucion-a-la-deuda-historica-y-modernizacion-parvularia-presidente-gabriel-boric-destaca-la-agenda-legislativa-educacional-en-la-cuenta-publica-2025","status":"publish","type":"post","link":"https:\/\/www.diariohiggins.cl\/portal\/2025\/06\/02\/solucion-a-la-deuda-historica-y-modernizacion-parvularia-presidente-gabriel-boric-destaca-la-agenda-legislativa-educacional-en-la-cuenta-publica-2025\/","title":{"rendered":"Soluci\u00f3n a la deuda hist\u00f3rica y modernizaci\u00f3n parvularia: Presidente Gabriel Boric destaca la agenda legislativa educacional en la Cuenta P\u00fablica 2025"},"content":{"rendered":"\n<ul class=\"wp-block-list\">\n<li><em>El Mandatario tambi\u00e9n resalt\u00f3 el proyecto de ley que crear\u00e1 un nuevo Financiamiento para la Educaci\u00f3n Superior, la Agenda Sala Cuna para Chile, la implementaci\u00f3n del Sistema de Educaci\u00f3n P\u00fablica y los avances del Plan de Reactivaci\u00f3n Educativa.<\/em><\/li>\n<\/ul>\n\n\n\n<p>El Presidente de la Rep\u00fablica, Gabriel Boric Font, destac\u00f3 en su \u00faltima Cuenta P\u00fablica la agenda legislativa que est\u00e1 impulsando el Ministerio de Educaci\u00f3n para el bienestar y el fortalecimiento del sector, y que tiene avances como la soluci\u00f3n a la deuda hist\u00f3rica docente y la modernizaci\u00f3n de la educaci\u00f3n parvularia, dos leyes que ya fueron promulgadas por el gobierno.<\/p>\n\n\n\n<p>\u201cLa educaci\u00f3n de calidad es la mejor herencia que una generaci\u00f3n puede dejar a la siguiente. Hemos trabajado en conjunto con profesores y profesoras, con asistentes de la educaci\u00f3n, para abordar las consecuencias de la pandemia en las escuelas, para fortalecer la educaci\u00f3n p\u00fablica, y para reparar las deudas que llevaban demasiado tiempo sin soluci\u00f3n en esta \u00e1rea\u201d, dijo el Mandatario.<\/p>\n\n\n\n<p><strong><u>Deuda hist\u00f3rica y educaci\u00f3n parvularia<\/u><\/strong><\/p>\n\n\n\n<p>Entre los logros que destac\u00f3 el Presidente Boric est\u00e1 la <strong>ley que entrega una soluci\u00f3n a la deuda hist\u00f3rica docente<\/strong>, que beneficiar\u00e1 a m\u00e1s de 57 mil docentes y que contempla un pago a cada docente afectado de $4,5 millones, en dos cuotas, partiendo por aquellos de mayor edad. La primera cuota se pagar\u00e1 en octubre de 2025 y la segunda en enero de 2026.<\/p>\n\n\n\n<p>El <strong>ministro de Educaci\u00f3n, Nicol\u00e1s Cataldo<\/strong>, se\u00f1al\u00f3 que \u201cel Presidente Boric hace una cuenta de qu\u00e9 es lo que hemos hecho hasta ahora, a prop\u00f3sito de d\u00f3nde partimos el a\u00f1o 2022 y d\u00f3nde estamos hoy. Y es muy importante se\u00f1alar todos los avances que hemos tenido en materia de reactivaci\u00f3n pospandemia. Hemos mejorado la asistencia de los estudiantes y los resultados de aprendizaje, llegando a niveles hist\u00f3ricos en lenguaje y matem\u00e1tica para cuarto b\u00e1sico. Hemos logrado tambi\u00e9n revincular m\u00e1s estudiantes, limitando la deserci\u00f3n. Todo esto ha tenido efectos principalmente en estudiantes m\u00e1s vulnerables.&nbsp;<\/p>\n\n\n\n<p>Adem\u00e1s, el cumplimiento del compromiso con la deuda hist\u00f3rica. Son m\u00e1s de 40 a\u00f1os donde decenas de miles esperaron esta respuesta de parte del Estado y lo hemos materializado\u201d.&nbsp;<\/p>\n\n\n\n<p>Por otra parte, destac\u00f3 la aprobaci\u00f3n de la <strong>ley de modernizaci\u00f3n de la educaci\u00f3n parvularia<\/strong>, iniciativa que regula la doble matr\u00edcula en jardines infantiles, de manera de ofrecer esos cupos a las familias que los necesitan, establece un registro de educaci\u00f3n parvularia, y extiende el plazo para que los establecimientos obtengan su Reconocimiento Oficial hasta 2034.<\/p>\n\n\n\n<p>La <strong>subsecretaria de Educaci\u00f3n Parvularia, Claudia Lagos<\/strong>, dice que esta ley \u201ctiene un enorme valor, pues por primera vez en mucho tiempo una iniciativa legal se enfoca \u00fanicamente en las caracter\u00edsticas y particularidades de la educaci\u00f3n parvularia, regulando su oferta y avanzando en mejorar su informaci\u00f3n y condiciones. Relevar y modernizar el nivel es clave para el desarrollo y bienestar integral de ni\u00f1as y ni\u00f1os\u201d.<\/p>\n\n\n\n<p>Adem\u00e1s, el Presidente Boric destac\u00f3 en su Cuenta P\u00fablica el <strong>proyecto de ley Sala Cuna para Chile<\/strong>, el que, \u201csi se aprueba, reducir\u00edan de manera significativa las barreras a la contrataci\u00f3n laboral femenina y las brechas salariales entre hombres y mujeres (&#8230;), incorporando la posibilidad de dar cumplimiento a esta obligaci\u00f3n en establecimientos p\u00fablicos, incrementando el financiamiento de estos, fomentando la creaci\u00f3n de nuevos jardines y mejorando los est\u00e1ndares educativos para p\u00fablicos y privados. Las salas cuna deber\u00e1n contar siempre con Reconocimiento Oficial\u201d.<\/p>\n\n\n\n<p><strong><u>Fin al CAE y modernizaci\u00f3n de la educaci\u00f3n superior<\/u><\/strong><\/p>\n\n\n\n<p>En educaci\u00f3n superior, el Presidente Boric destac\u00f3 el proceso de modernizaci\u00f3n que est\u00e1 impulsando el Mineduc, por ejemplo, con el programa M\u00e1s Mujeres Cient\u00edficas, que entrega cupos adicionales para mujeres en carreras STEM en universidades; el programa PACE, que hoy llega a todas las comunas en las que hay un liceo p\u00fablico diurno; y las matr\u00edculas de los CFT Estatales, que alcanzaron los 18 mil estudiantes. \u201cAdem\u00e1s, antes de terminar el mandato, vamos a contar con la primera Estrategia de Desarrollo de la Educaci\u00f3n Superior y no vamos a dejar de insistir en la necesidad de aumentar el financiamiento basal a las universidades estatales\u201d, dijo.<\/p>\n\n\n\n<p>El Mandatario tambi\u00e9n remarc\u00f3 la importancia del proyecto de ley que crea un nuevo <strong>Financiamiento a la Educaci\u00f3n Superior (FES) y reorganiza y condona deudas educativas<\/strong>, que est\u00e1 en tramitaci\u00f3n en el Congreso, el que pondr\u00e1 fin al CAE y permitir\u00e1 que las y los j\u00f3venes puedan estudiar sin preocupaciones econ\u00f3micas, para luego contribuir a que otros tambi\u00e9n puedan estudiar.<\/p>\n\n\n\n<p>El <strong>subsecretario de Educaci\u00f3n Superior, V\u00edctor Orellana<\/strong>, plante\u00f3 que esta ley es necesaria \u201cno s\u00f3lo para dar respuesta a la demanda social de terminar con el endeudamiento bancario para ejercer el derecho a la educaci\u00f3n, sino que es parte de un proceso integral de modernizaci\u00f3n del sector, que nos llevar\u00e1 a trayectorias acad\u00e9micas m\u00e1s flexibles y pertinentes, y a un mayor compromiso de la educaci\u00f3n superior con el desarrollo de Chile. Esta agenda ya ha avanzado en importantes pasos, como son la ampliaci\u00f3n de la participaci\u00f3n de mujeres en carreras cient\u00edficas, el aumento de la matr\u00edcula en educaci\u00f3n superior p\u00fablica (t\u00e9cnico profesional y universitaria) en v\u00ednculo con las necesidades regionales y nacionales, y la firma de los nuevos estatutos de las universidades del Estado\u201d.<\/p>\n\n\n\n<p><strong><u>Reactivaci\u00f3n, educaci\u00f3n p\u00fablica y convivencia<\/u><\/strong><\/p>\n\n\n\n<p>Un foco fundamental del trabajo que ha realizado el Mineduc para mejorar el sector educativo ha sido el fortalecimiento de la educaci\u00f3n p\u00fablica y el <strong>Plan de Reactivaci\u00f3n Educativa<\/strong>, que contiene medidas para mejorar la asistencia y revincular a estudiantes a las escuelas, recuperar los aprendizajes perdidos y mejorar la convivencia educativa.<\/p>\n\n\n\n<p>\u201cEn esto se ha avanzado con hechos, por ejemplo, el a\u00f1o pasado m\u00e1s de 17 mil estudiantes que hab\u00edan salido del sistema volvieron a las salas de clases, y entre 2022 y 2024 logramos bajar la inexistencia grave en casi 10 puntos (&#8230;). Asimismo, los puntajes del Simce del 2024 en 4\u00b0 b\u00e1sico fueron los m\u00e1s altos desde 2002, y los grupos socioecon\u00f3micos m\u00e1s bajos alcanzaron su mejor registro hist\u00f3rico\u201d, inform\u00f3 el Presidente.<\/p>\n\n\n\n<p>Entre las medidas que se est\u00e1n impulsando para el sector escolar est\u00e1 el <strong>proyecto de ley de convivencia, buen trato y bienestar de las comunidades educativas<\/strong>, que fomentar\u00e1 acciones que prevengan y permitan abordar cualquier tipo de acoso, violencia y discriminaci\u00f3n. Por otro lado, se est\u00e1 tramitando en el congreso el <strong>proyecto de ley que fortalecer\u00e1 la instalaci\u00f3n y administraci\u00f3n de los SLEP<\/strong>, mejorando el traspaso de establecimientos a los nuevos servicios, que sumar\u00e1n 38 al t\u00e9rmino del Gobierno.<\/p>\n\n\n\n<p>La<strong> subsecretaria de Educaci\u00f3n, Alejandra Arratia<\/strong>, se\u00f1al\u00f3 que \u201cen el Ministerio de Educaci\u00f3n tenemos la firme convicci\u00f3n de que todos y todas pueden aprender. Hoy vemos avances concretos en esa direcci\u00f3n, por lo que agradecemos el esfuerzo de las comunidades educativas a lo largo del pa\u00eds. Sabemos que a\u00fan enfrentamos desaf\u00edos, especialmente en materia de convivencia, pero tambi\u00e9n que contamos con mejores herramientas para impulsar iniciativas que fortalezcan entornos seguros, participativos y protectores. El desaf\u00edo que asumimos es colectivo y de largo aliento: estamos avanzando desde la recuperaci\u00f3n a la mejora, construyendo un sistema educativo m\u00e1s justo, inclusivo y humano\u201d.<\/p>\n","protected":false},"excerpt":{"rendered":"El Presidente de la Rep\u00fablica, Gabriel Boric Font, destac\u00f3 en su \u00faltima Cuenta P\u00fablica la agenda legislativa que&hellip;\n","protected":false},"author":4,"featured_media":0,"comment_status":"closed","ping_status":"closed","sticky":false,"template":"","format":"standard","meta":{"footnotes":""},"categories":[23],"tags":[],"class_list":{"0":"post-2558","1":"post","2":"type-post","3":"status-publish","4":"format-standard","6":"category-principal"},"_links":{"self":[{"href":"https:\/\/www.diariohiggins.cl\/portal\/wp-json\/wp\/v2\/posts\/2558","targetHints":{"allow":["GET"]}}],"collection":[{"href":"https:\/\/www.diariohiggins.cl\/portal\/wp-json\/wp\/v2\/posts"}],"about":[{"href":"https:\/\/www.diariohiggins.cl\/portal\/wp-json\/wp\/v2\/types\/post"}],"author":[{"embeddable":true,"href":"https:\/\/www.diariohiggins.cl\/portal\/wp-json\/wp\/v2\/users\/4"}],"replies":[{"embeddable":true,"href":"https:\/\/www.diariohiggins.cl\/portal\/wp-json\/wp\/v2\/comments?post=2558"}],"version-history":[{"count":1,"href":"https:\/\/www.diariohiggins.cl\/portal\/wp-json\/wp\/v2\/posts\/2558\/revisions"}],"predecessor-version":[{"id":2559,"href":"https:\/\/www.diariohiggins.cl\/portal\/wp-json\/wp\/v2\/posts\/2558\/revisions\/2559"}],"wp:attachment":[{"href":"https:\/\/www.diariohiggins.cl\/portal\/wp-json\/wp\/v2\/media?parent=2558"}],"wp:term":[{"taxonomy":"category","embeddable":true,"href":"https:\/\/www.diariohiggins.cl\/portal\/wp-json\/wp\/v2\/categories?post=2558"},{"taxonomy":"post_tag","embeddable":true,"href":"https:\/\/www.diariohiggins.cl\/portal\/wp-json\/wp\/v2\/tags?post=2558"}],"curies":[{"name":"wp","href":"https:\/\/api.w.org\/{rel}","templated":true}]}}