{"id":2513,"date":"2025-05-11T23:50:51","date_gmt":"2025-05-11T23:50:51","guid":{"rendered":"https:\/\/www.diariohiggins.cl\/portal\/?p=2513"},"modified":"2025-05-11T23:59:14","modified_gmt":"2025-05-11T23:59:14","slug":"trump-anuncia-orden-ejecutiva-para-reducir-drasticamente-el-precio-de-los-medicamentos-en-ee-uu","status":"publish","type":"post","link":"https:\/\/www.diariohiggins.cl\/portal\/2025\/05\/11\/trump-anuncia-orden-ejecutiva-para-reducir-drasticamente-el-precio-de-los-medicamentos-en-ee-uu\/","title":{"rendered":"Trump anuncia orden ejecutiva para reducir dr\u00e1sticamente el precio de los medicamentos en EE.UU."},"content":{"rendered":"\n<p>El presidente de Estados Unidos&nbsp;<strong>Donald Trump<\/strong>&nbsp;anunci\u00f3 este domingo que firmar\u00e1 una orden ejecutiva hist\u00f3rica para&nbsp;<strong>reducir significativamente los precios de los medicamentos<\/strong>&nbsp;<strong>recetados&nbsp;<\/strong>y productos farmac\u00e9uticos en su pa\u00eds, un problema que ha afectado por a\u00f1os a millones de ciudadanos.<\/p>\n\n\n\n<p>El mandatario denunci\u00f3 que, por d\u00e9cadas, los precios de los medicamentos en EE.UU.&nbsp;<mark>han sido de cinco a diez veces m\u00e1s caros que en otros pa\u00edses<\/mark>, a pesar de que se producen en los mismos laboratorios, por las mismas compa\u00f1\u00edas.<\/p>\n\n\n\n<p>En ese sentido, afirm\u00f3 que nunca hubo una justificaci\u00f3n v\u00e1lida para esta diferencia, salvo los altos costos atribuidos a la investigaci\u00f3n y desarrollo, que reca\u00edan exclusivamente sobre los consumidores estadounidenses.<\/p>\n\n\n\n<p>\u201cDurante a\u00f1os, las farmac\u00e9uticas dec\u00edan que el sobreprecio se deb\u00eda a la investigaci\u00f3n,&nbsp;<mark>pero eso solo era pagado por los \u2018tontos\u2019 de Am\u00e9rica<\/mark>\u201d, sostuvo Trump.<\/p>\n\n\n\n<p>De igual modo, critic\u00f3 la influencia de los aportes de campa\u00f1a en la pol\u00edtica de precios, asegurando que bajo su liderazgo y el del Partido Republicano, eso \u201cse terminar\u00e1\u201d.<\/p>\n\n\n\n<p>El magnate republicano adelant\u00f3 que a las 9:00 horas de este lunes, en la Casa Blanca, firmar\u00e1 una de las \u00f3rdenes ejecutivas \u201cm\u00e1s importantes en la historia del pa\u00eds\u201d, que&nbsp;<strong>permitir\u00e1 reducir de manera inmediata los precios entre 30% y 80%<\/strong>.<\/p>\n\n\n\n<p>Seg\u00fan dijo a trav\u00e9s de una publicaci\u00f3n en su cuenta de Truth Social, el eje central de la medida apuntar\u00e1 a implementar una pol\u00edtica de \u201cnaci\u00f3n m\u00e1s favorecida\u201d, lo que implicar\u00e1 que EE.UU. pagar\u00e1 por sus medicamentos&nbsp;<strong>el mismo precio<\/strong>&nbsp;que el pa\u00eds que los obtiene m\u00e1s baratos en el mundo.<\/p>\n\n\n\n<p>Adem\u00e1s de equilibrar los precios globales, Trump prometi\u00f3 que la medida \u201c<strong>generar\u00e1 ahorros millonarios para los ciudadanos<\/strong>&nbsp;y miles de millones para el Estado\u201d, lo que se traducir\u00e1 en una dr\u00e1stica reducci\u00f3n de los costos del sistema de salud del pa\u00eds.<\/p>\n\n\n\n<p>\u201cPor primera vez en muchos a\u00f1os,&nbsp;<strong>vamos a tener justicia para Estados Unidos<\/strong>\u201d, concluy\u00f3.<\/p>\n","protected":false},"excerpt":{"rendered":"El presidente de Estados Unidos&nbsp;Donald Trump&nbsp;anunci\u00f3 este domingo que firmar\u00e1 una orden ejecutiva hist\u00f3rica para&nbsp;reducir significativamente los precios&hellip;\n","protected":false},"author":3,"featured_media":2514,"comment_status":"closed","ping_status":"closed","sticky":false,"template":"","format":"standard","meta":{"footnotes":""},"categories":[17,24,9],"tags":[],"class_list":{"0":"post-2513","1":"post","2":"type-post","3":"status-publish","4":"format-standard","5":"has-post-thumbnail","7":"category-actualidad","8":"category-politica","9":"category-portada"},"_links":{"self":[{"href":"https:\/\/www.diariohiggins.cl\/portal\/wp-json\/wp\/v2\/posts\/2513","targetHints":{"allow":["GET"]}}],"collection":[{"href":"https:\/\/www.diariohiggins.cl\/portal\/wp-json\/wp\/v2\/posts"}],"about":[{"href":"https:\/\/www.diariohiggins.cl\/portal\/wp-json\/wp\/v2\/types\/post"}],"author":[{"embeddable":true,"href":"https:\/\/www.diariohiggins.cl\/portal\/wp-json\/wp\/v2\/users\/3"}],"replies":[{"embeddable":true,"href":"https:\/\/www.diariohiggins.cl\/portal\/wp-json\/wp\/v2\/comments?post=2513"}],"version-history":[{"count":1,"href":"https:\/\/www.diariohiggins.cl\/portal\/wp-json\/wp\/v2\/posts\/2513\/revisions"}],"predecessor-version":[{"id":2515,"href":"https:\/\/www.diariohiggins.cl\/portal\/wp-json\/wp\/v2\/posts\/2513\/revisions\/2515"}],"wp:featuredmedia":[{"embeddable":true,"href":"https:\/\/www.diariohiggins.cl\/portal\/wp-json\/wp\/v2\/media\/2514"}],"wp:attachment":[{"href":"https:\/\/www.diariohiggins.cl\/portal\/wp-json\/wp\/v2\/media?parent=2513"}],"wp:term":[{"taxonomy":"category","embeddable":true,"href":"https:\/\/www.diariohiggins.cl\/portal\/wp-json\/wp\/v2\/categories?post=2513"},{"taxonomy":"post_tag","embeddable":true,"href":"https:\/\/www.diariohiggins.cl\/portal\/wp-json\/wp\/v2\/tags?post=2513"}],"curies":[{"name":"wp","href":"https:\/\/api.w.org\/{rel}","templated":true}]}}