{"id":2428,"date":"2025-02-01T14:25:16","date_gmt":"2025-02-01T14:25:16","guid":{"rendered":"https:\/\/diariohiggins.cl\/portal\/?p=2428"},"modified":"2025-02-01T20:41:29","modified_gmt":"2025-02-01T20:41:29","slug":"carabineros-de-graneros-lograron-detener-a-15-imputados-en-un-procedimiento-focalizado","status":"publish","type":"post","link":"https:\/\/www.diariohiggins.cl\/portal\/2025\/02\/01\/carabineros-de-graneros-lograron-detener-a-15-imputados-en-un-procedimiento-focalizado\/","title":{"rendered":"Carabineros de Graneros lograron detener a 15 imputados en un procedimiento focalizado."},"content":{"rendered":"\n<p>Carabineros de la 2da. Comisaria Graneros detienen a un sujeto el cual hab\u00eda ingresado a un inmueble \u201cAgora de la Junta de Vecinos\u201d con la finalidad de sustraer especies. El sujeto fue sorprendido con un tarro de basura lleno de mercader\u00eda y un cilindro de gas. Por instrucciones del Fiscal de Turno pas\u00f3 a control de detenci\u00f3n, resultando con la medida cautelar de prisi\u00f3n preventiva.<\/p>\n\n\n\n<p>El mismo sujeto anteriormente hab\u00eda efectuado diversos robos en el sector de la Villa La Covigra de Graneros.<\/p>\n\n\n\n<p>El Comisario de la 2da. Comisaria Graneros, Mayor Claudio Rebolledo Matamala, coment\u00f3 que se est\u00e1n realizando servicios policiales focalizados en las poblaciones Domingo Y\u00e1\u00f1ez, Rafael Carvallo, entre otras y el sector c\u00e9ntrico de la Comuna.<\/p>\n","protected":false},"excerpt":{"rendered":"Carabineros de la 2da. Comisaria Graneros detienen a un sujeto el cual hab\u00eda ingresado a un inmueble \u201cAgora&hellip;\n","protected":false},"author":3,"featured_media":2429,"comment_status":"closed","ping_status":"closed","sticky":false,"template":"","format":"standard","meta":{"footnotes":""},"categories":[17,10,18,15,24,9,23,11],"tags":[],"class_list":{"0":"post-2428","1":"post","2":"type-post","3":"status-publish","4":"format-standard","5":"has-post-thumbnail","7":"category-actualidad","8":"category-comunal","9":"category-cultura","10":"category-policial","11":"category-politica","12":"category-portada","13":"category-principal","14":"category-regional"},"_links":{"self":[{"href":"https:\/\/www.diariohiggins.cl\/portal\/wp-json\/wp\/v2\/posts\/2428","targetHints":{"allow":["GET"]}}],"collection":[{"href":"https:\/\/www.diariohiggins.cl\/portal\/wp-json\/wp\/v2\/posts"}],"about":[{"href":"https:\/\/www.diariohiggins.cl\/portal\/wp-json\/wp\/v2\/types\/post"}],"author":[{"embeddable":true,"href":"https:\/\/www.diariohiggins.cl\/portal\/wp-json\/wp\/v2\/users\/3"}],"replies":[{"embeddable":true,"href":"https:\/\/www.diariohiggins.cl\/portal\/wp-json\/wp\/v2\/comments?post=2428"}],"version-history":[{"count":1,"href":"https:\/\/www.diariohiggins.cl\/portal\/wp-json\/wp\/v2\/posts\/2428\/revisions"}],"predecessor-version":[{"id":2430,"href":"https:\/\/www.diariohiggins.cl\/portal\/wp-json\/wp\/v2\/posts\/2428\/revisions\/2430"}],"wp:featuredmedia":[{"embeddable":true,"href":"https:\/\/www.diariohiggins.cl\/portal\/wp-json\/wp\/v2\/media\/2429"}],"wp:attachment":[{"href":"https:\/\/www.diariohiggins.cl\/portal\/wp-json\/wp\/v2\/media?parent=2428"}],"wp:term":[{"taxonomy":"category","embeddable":true,"href":"https:\/\/www.diariohiggins.cl\/portal\/wp-json\/wp\/v2\/categories?post=2428"},{"taxonomy":"post_tag","embeddable":true,"href":"https:\/\/www.diariohiggins.cl\/portal\/wp-json\/wp\/v2\/tags?post=2428"}],"curies":[{"name":"wp","href":"https:\/\/api.w.org\/{rel}","templated":true}]}}