{"id":2390,"date":"2025-01-09T11:28:57","date_gmt":"2025-01-09T11:28:57","guid":{"rendered":"https:\/\/diariohiggins.cl\/portal\/?p=2390"},"modified":"2025-01-09T11:29:05","modified_gmt":"2025-01-09T11:29:05","slug":"estudiantes-de-ohiggins-son-reconocidos-por-trayectorias-educativas","status":"publish","type":"post","link":"https:\/\/www.diariohiggins.cl\/portal\/2025\/01\/09\/estudiantes-de-ohiggins-son-reconocidos-por-trayectorias-educativas\/","title":{"rendered":"Estudiantes de O\u00b4Higgins son reconocidos por Trayectorias Educativas"},"content":{"rendered":"\n<ul class=\"wp-block-list\">\n<li><em>Tras conocer los resultados de la PAES \u2013 Prueba de Acceso a la Educaci\u00f3n Superior \u2013 se notific\u00f3 a los 333 j\u00f3venes que obtuvieron el m\u00e9rito otorgado por el MINEDUC; de los cuales, 9 pertenecen a la Regi\u00f3n de O\u00b4Higgins.<\/em><\/li>\n<\/ul>\n\n\n\n<figure class=\"wp-block-image size-large\"><img loading=\"lazy\" decoding=\"async\" width=\"1024\" height=\"539\" src=\"https:\/\/diariohiggins.cl\/portal\/wp-content\/uploads\/2025\/01\/desayuno-dte-6-1024x539.jpg\" alt=\"\" class=\"wp-image-2392\" srcset=\"https:\/\/www.diariohiggins.cl\/portal\/wp-content\/uploads\/2025\/01\/desayuno-dte-6-1024x539.jpg 1024w, https:\/\/www.diariohiggins.cl\/portal\/wp-content\/uploads\/2025\/01\/desayuno-dte-6-300x158.jpg 300w, https:\/\/www.diariohiggins.cl\/portal\/wp-content\/uploads\/2025\/01\/desayuno-dte-6-768x404.jpg 768w, https:\/\/www.diariohiggins.cl\/portal\/wp-content\/uploads\/2025\/01\/desayuno-dte-6-1536x808.jpg 1536w, https:\/\/www.diariohiggins.cl\/portal\/wp-content\/uploads\/2025\/01\/desayuno-dte-6-110x58.jpg 110w, https:\/\/www.diariohiggins.cl\/portal\/wp-content\/uploads\/2025\/01\/desayuno-dte-6-200x105.jpg 200w, https:\/\/www.diariohiggins.cl\/portal\/wp-content\/uploads\/2025\/01\/desayuno-dte-6-380x200.jpg 380w, https:\/\/www.diariohiggins.cl\/portal\/wp-content\/uploads\/2025\/01\/desayuno-dte-6-255x134.jpg 255w, https:\/\/www.diariohiggins.cl\/portal\/wp-content\/uploads\/2025\/01\/desayuno-dte-6-550x289.jpg 550w, https:\/\/www.diariohiggins.cl\/portal\/wp-content\/uploads\/2025\/01\/desayuno-dte-6-800x421.jpg 800w, https:\/\/www.diariohiggins.cl\/portal\/wp-content\/uploads\/2025\/01\/desayuno-dte-6-1160x610.jpg 1160w, https:\/\/www.diariohiggins.cl\/portal\/wp-content\/uploads\/2025\/01\/desayuno-dte-6.jpg 1600w\" sizes=\"auto, (max-width: 1024px) 100vw, 1024px\" \/><\/figure>\n\n\n\n<p>Con la presencia de la SEREMI de Educaci\u00f3n, Alyson Hadad; el Delegado Presidencial Regional, Fabio L\u00f3pez Aguilera; el Gobernador de O\u00b4Higgins, Pablo Silva Amaya y la Rectora de la UOH, Fernanda Kri, se realiz\u00f3 un desayuno de reconocimiento a j\u00f3venes provenientes de diferentes comunas de la regi\u00f3n tras ser reconocidos con la entrega de la Distinci\u00f3n por Trayectorias Educativas.<\/p>\n\n\n\n<p>\u201cEste es el 3er a\u00f1o que como Gobierno hacemos entrega de las Distinciones a las Trayectorias Educativas \u2013 DTEs \u2013 lo cual implica un cambio de perspectiva respecto a lo que se considera como m\u00e9rito y permiten reconocer no s\u00f3lo el puntaje obtenido; sino que tambi\u00e9n la trayectoria de quien obtiene un buen rendimiento en estas pruebas, el desempe\u00f1o durante la Ense\u00f1anza Media y, adem\u00e1s, el contexto del cual provienen las y los postulantes\u201d, indic\u00f3 la SEREMI Alyson Hadad.<\/p>\n\n\n\n<p>Cabe recordar que, durante los \u00faltimos a\u00f1os, el Sistema de Acceso a la Educaci\u00f3n Superior ha ido presentando cambios para hacer de \u00e9ste un proceso m\u00e1s equitativo y justo. Durante la Admisi\u00f3n 2025 las y los j\u00f3venes podr\u00e1n postular con cualquiera de las 4 \u00faltimas rendiciones: PAES invierno y regular 2023 y PAES invierno y regular 2024.<\/p>\n\n\n\n<p>Tras el encuentro, el Delegado Presidencial Regional, Fabio L\u00f3pez Aguilera, manifest\u00f3: \u201cHemos terminado un desayuno junto con distintos j\u00f3venes de nuestra regi\u00f3n que han sido reconocidos por su Trayectoria Educativa, acompa\u00f1ados de sus&nbsp; padres quienes estaban muy orgullosos y tambi\u00e9n estuvimos acompa\u00f1ados del Gobernador Regional , la rectora y vicerrector de la Universidad de O\u00b4Higgins m\u00e1s los seremis de Educaci\u00f3n y Gobierno, en donde pudimos compartir y escuchar cu\u00e1les son sus deseos y aspiraciones, pero lo importante es que se reconoce cu\u00e1l ha sido su trayectoria acad\u00e9mica m\u00e1s all\u00e1 del buen puntaje que obtuvieron en la PAES\u201d.<\/p>\n\n\n\n<p>Por su parte, la rectora de la Universidad Estatal de O\u00b4Higgins, Fernanda Kri Amar, se\u00f1al\u00f3: \u201cCreo que es muy importante y necesario que reconozcamos a los estudiantes y a sus trayectorias educativas; tanto como les va en la PAES, pero tambi\u00e9n al esfuerzo que han desarrollado durante todo su per\u00edodo escolar y estos j\u00f3venes han demostrado gusto por el estudio, participaci\u00f3n en actividades, todas condiciones que hay que valorar. El llamado es a postular informadamente, en la Universidad de O\u00b4Higgins, por ejemplo, tenemos una gran cantidad de cupos especiales para Mujeres Cient\u00edficas, estudiantes en situaci\u00f3n de discapacidad, deportistas destacados, etc. Desde la UOH queremos formar a los j\u00f3venes de la regi\u00f3n para que se formen en profesionales que despu\u00e9s se queden trabajando ac\u00e1 y contribuyan al desarrollo local\u201d.<\/p>\n\n\n\n<p><strong><u>Sus impresiones<\/u><\/strong><\/p>\n\n\n\n<p><strong>M\u00e1ximo Vera, Colegio Quimahue (Rancagua) \u2013 DTE Categor\u00eda Territorios<\/strong><\/p>\n\n\n\n<p>\u201cEstoy muy agradecido por esta invitaci\u00f3n y tambi\u00e9n muy contento por haber conseguido esta distinci\u00f3n. Agradezco a mi familia quienes me han apoyado en todo este proceso. Veo mi futuro brillante, pero tambi\u00e9n es incierto, pero tengo fe que en el futuro cercano si hay inconvenientes, cuento con las herramientas para poder superar lo que venga y avanzar en la vida\u201d.<\/p>\n\n\n\n<p><strong>Diego Gonz\u00e1lez, IRFE (Santa Cruz) \u2013 DTE Categor\u00eda Territorios<\/strong><\/p>\n\n\n\n<p>\u201cRecibir dos DTE fue una gran y bonita sorpresa que me llen\u00f3 de mucha alegr\u00eda saber que con lo que logr\u00e9 me daba para entrar tranquilamente a la carrera que quiero: Medicina en la UC\u201d.<\/p>\n\n\n\n<p><strong>Victoria Moya, Liceo Mar\u00eda Auxiliadora (Santa Cruz) \u2013 DTE Categor\u00eda Territorios<\/strong><\/p>\n\n\n\n<p>\u201cEste reconocimiento fue muy bonito, el desayuno estuvo rico y buena la compa\u00f1\u00eda (\u2026) Ahora mi desaf\u00edo es estudiar Derecho y adaptarme a Santiago, creo yo, porque no conozco a nadie ni tengo familia all\u00e1, entonces va a ser un poco complicado\u201d.<\/p>\n\n\n\n<p><strong>Valentina S\u00e1nchez, Liceo T\u00e9cnico (Rancagua) \u2013 DTE Categor\u00eda Modalidad de Ense\u00f1anza<\/strong><\/p>\n\n\n\n<p>\u201cHoy me invitaron a un desayuno junto a mis padres por el reconocimiento a Trayectoria Educativa que obtuve. Me gustar\u00eda estudiar Medicina, yo postul\u00e9 para entrar a la UOH y mi principal desaf\u00edo ser\u00e1 el primer a\u00f1o de nivelaci\u00f3n, pues al venir de un liceo TP no tengo las mismas competencias que otras estudiantes, pero yo creo que es alcanzable y de verdad estoy muy contenta\u201d. <\/p>\n\n\n\n<p>Durante el encuentro, las y los estudiantes estuvieron en compa\u00f1\u00eda de sus padres; una de ellas, Sara Urra, se mostr\u00f3 visiblemente conmovida y coment\u00f3: \u201cEfectivamente estoy muy emocionada y orgullosa por la trayectoria de mi hijo, quien ha sido competente porque \u00e9l es muy responsable y eso me pone feliz. En cuanto al desayuno, agradecida de la invitaci\u00f3n y que reconozcan el esfuerzo de los j\u00f3venes es algo que a ellos los alienta para continuar luchando\u201d.<\/p>\n","protected":false},"excerpt":{"rendered":"Con la presencia de la SEREMI de Educaci\u00f3n, Alyson Hadad; el Delegado Presidencial Regional, Fabio L\u00f3pez Aguilera; el&hellip;\n","protected":false},"author":4,"featured_media":2393,"comment_status":"closed","ping_status":"closed","sticky":false,"template":"","format":"standard","meta":{"footnotes":""},"categories":[23],"tags":[],"class_list":{"0":"post-2390","1":"post","2":"type-post","3":"status-publish","4":"format-standard","5":"has-post-thumbnail","7":"category-principal"},"_links":{"self":[{"href":"https:\/\/www.diariohiggins.cl\/portal\/wp-json\/wp\/v2\/posts\/2390","targetHints":{"allow":["GET"]}}],"collection":[{"href":"https:\/\/www.diariohiggins.cl\/portal\/wp-json\/wp\/v2\/posts"}],"about":[{"href":"https:\/\/www.diariohiggins.cl\/portal\/wp-json\/wp\/v2\/types\/post"}],"author":[{"embeddable":true,"href":"https:\/\/www.diariohiggins.cl\/portal\/wp-json\/wp\/v2\/users\/4"}],"replies":[{"embeddable":true,"href":"https:\/\/www.diariohiggins.cl\/portal\/wp-json\/wp\/v2\/comments?post=2390"}],"version-history":[{"count":1,"href":"https:\/\/www.diariohiggins.cl\/portal\/wp-json\/wp\/v2\/posts\/2390\/revisions"}],"predecessor-version":[{"id":2394,"href":"https:\/\/www.diariohiggins.cl\/portal\/wp-json\/wp\/v2\/posts\/2390\/revisions\/2394"}],"wp:featuredmedia":[{"embeddable":true,"href":"https:\/\/www.diariohiggins.cl\/portal\/wp-json\/wp\/v2\/media\/2393"}],"wp:attachment":[{"href":"https:\/\/www.diariohiggins.cl\/portal\/wp-json\/wp\/v2\/media?parent=2390"}],"wp:term":[{"taxonomy":"category","embeddable":true,"href":"https:\/\/www.diariohiggins.cl\/portal\/wp-json\/wp\/v2\/categories?post=2390"},{"taxonomy":"post_tag","embeddable":true,"href":"https:\/\/www.diariohiggins.cl\/portal\/wp-json\/wp\/v2\/tags?post=2390"}],"curies":[{"name":"wp","href":"https:\/\/api.w.org\/{rel}","templated":true}]}}