{"id":2386,"date":"2025-01-09T00:55:39","date_gmt":"2025-01-09T00:55:39","guid":{"rendered":"https:\/\/diariohiggins.cl\/portal\/?p=2386"},"modified":"2025-01-09T00:56:11","modified_gmt":"2025-01-09T00:56:11","slug":"fernandez-admite-errores-en-compraventa-de-casa-de-allende-pero-descarta-renuncia-al-gabinete","status":"publish","type":"post","link":"https:\/\/www.diariohiggins.cl\/portal\/2025\/01\/09\/fernandez-admite-errores-en-compraventa-de-casa-de-allende-pero-descarta-renuncia-al-gabinete\/","title":{"rendered":"Fern\u00e1ndez admite errores en compraventa de casa de Allende pero descarta renuncia al gabinete"},"content":{"rendered":"\n<p>Desde el Ministerio de Defensa, la titular de la cartera, Maya Fern\u00e1ndez (PS), la tarde de este mi\u00e9rcoles entreg\u00f3 una declaraci\u00f3n a los medios de prensa sobre la fallida compra de la casa de su abuelo y expresidente de la Rep\u00fablica, Salvador Allende.<\/p>\n\n\n\n<p>La secretaria de Estado, que ha sido foco de las cr\u00edticas por parte de la oposici\u00f3n, debido a que la Constituci\u00f3n impide a ministros y parlamentarios celebrar contratos con el Estado, reconoci\u00f3 que hubo errores en el proceso para que el inmueble de su familia pasara al fisco, cuyo precio hab\u00eda sido fijado en 24.291 UF, unos $933 millones a la fecha.<\/p>\n\n\n\n<p>\u201cEl viernes, el gobierno tom\u00f3 la decisi\u00f3n de no continuar con el proceso de adquisici\u00f3n de la casa de Guardia Vieja (932, en Providencia), la casa de mis abuelos, como ustedes bien saben, una casa hist\u00f3rica, un monumento, donde ha ocurrido parte de la historia de Chile\u201d, parti\u00f3 diciendo.<\/p>\n\n\n\n<p>En esa misma l\u00ednea, dijo que como familia tambi\u00e9n han apoyado esa decisi\u00f3n y recalc\u00f3 que \u201ceste proceso que llevaba varios pasos, no fue concluido, por tanto, no se adquiri\u00f3 la vivienda, con lo cual no hubo traspaso de ella, pero sobre todo quiero ser enf\u00e1tica en que nunca ha habido traspaso de recursos, eso no ocurri\u00f3\u201d.<\/p>\n\n\n\n<p>As\u00ed mismo, apunt\u00f3 que en su rol de ministra de Defensa \u201cno pod\u00eda estar involucrada en el proceso y por tanto por eso se hace un patrocinio, un mandato a un abogado, que es quien llev\u00f3 adelante todo el procedimiento, m\u00e1s bien que ten\u00eda que ver con aspectos t\u00e9cnicos o que ten\u00eda que ver con cosas propias de la casa\u201d.<\/p>\n\n\n\n<p>\u201cNunca particip\u00e9 en reuniones porque no corresponde, como tampoco estuvo involucrado el equipo de Defensa, porque no corresponde\u201d, expres\u00f3.<\/p>\n\n\n\n<p>Y luego reconoci\u00f3 que \u201cel proceso no fue bien llevado, lo cual yo lo lamento\u201d y recalc\u00f3 que \u201csiempre uno se tiene que hacer una autocr\u00edtica respecto a los procedimientos\u201d.<\/p>\n\n\n\n<p>Inquirida si ha estado entre sus opciones renunciar al gabinete, Fern\u00e1ndez fue enf\u00e1tica: \u201cYo estoy ac\u00e1 porque me ha nombrado el Presidente de la Rep\u00fablica y estar\u00e9 hasta el momento que \u00e9l lo decida\u201d.<\/p>\n","protected":false},"excerpt":{"rendered":"Desde el Ministerio de Defensa, la titular de la cartera, Maya Fern\u00e1ndez (PS), la tarde de este mi\u00e9rcoles&hellip;\n","protected":false},"author":3,"featured_media":2387,"comment_status":"closed","ping_status":"closed","sticky":false,"template":"","format":"standard","meta":{"footnotes":""},"categories":[10,18,12,24,9,23],"tags":[],"class_list":{"0":"post-2386","1":"post","2":"type-post","3":"status-publish","4":"format-standard","5":"has-post-thumbnail","7":"category-comunal","8":"category-cultura","9":"category-nacional","10":"category-politica","11":"category-portada","12":"category-principal"},"_links":{"self":[{"href":"https:\/\/www.diariohiggins.cl\/portal\/wp-json\/wp\/v2\/posts\/2386","targetHints":{"allow":["GET"]}}],"collection":[{"href":"https:\/\/www.diariohiggins.cl\/portal\/wp-json\/wp\/v2\/posts"}],"about":[{"href":"https:\/\/www.diariohiggins.cl\/portal\/wp-json\/wp\/v2\/types\/post"}],"author":[{"embeddable":true,"href":"https:\/\/www.diariohiggins.cl\/portal\/wp-json\/wp\/v2\/users\/3"}],"replies":[{"embeddable":true,"href":"https:\/\/www.diariohiggins.cl\/portal\/wp-json\/wp\/v2\/comments?post=2386"}],"version-history":[{"count":1,"href":"https:\/\/www.diariohiggins.cl\/portal\/wp-json\/wp\/v2\/posts\/2386\/revisions"}],"predecessor-version":[{"id":2388,"href":"https:\/\/www.diariohiggins.cl\/portal\/wp-json\/wp\/v2\/posts\/2386\/revisions\/2388"}],"wp:featuredmedia":[{"embeddable":true,"href":"https:\/\/www.diariohiggins.cl\/portal\/wp-json\/wp\/v2\/media\/2387"}],"wp:attachment":[{"href":"https:\/\/www.diariohiggins.cl\/portal\/wp-json\/wp\/v2\/media?parent=2386"}],"wp:term":[{"taxonomy":"category","embeddable":true,"href":"https:\/\/www.diariohiggins.cl\/portal\/wp-json\/wp\/v2\/categories?post=2386"},{"taxonomy":"post_tag","embeddable":true,"href":"https:\/\/www.diariohiggins.cl\/portal\/wp-json\/wp\/v2\/tags?post=2386"}],"curies":[{"name":"wp","href":"https:\/\/api.w.org\/{rel}","templated":true}]}}