{"id":2359,"date":"2024-12-30T12:47:09","date_gmt":"2024-12-30T12:47:09","guid":{"rendered":"https:\/\/diariohiggins.cl\/portal\/?p=2359"},"modified":"2024-12-31T17:05:20","modified_gmt":"2024-12-31T17:05:20","slug":"ministra-s-arratia-presenta-plataforma-digital-anotate-en-la-lista-y-llama-a-las-familias-a-postular-de-forma-gratuita-y-transparente","status":"publish","type":"post","link":"https:\/\/www.diariohiggins.cl\/portal\/2024\/12\/30\/ministra-s-arratia-presenta-plataforma-digital-anotate-en-la-lista-y-llama-a-las-familias-a-postular-de-forma-gratuita-y-transparente\/","title":{"rendered":"Ministra (s) Arratia presenta plataforma digital \u201cAn\u00f3tate en la Lista\u201d y llama a las familias a postular de forma gratuita y transparente"},"content":{"rendered":"\n<ul class=\"wp-block-list\">\n<li><em>Las autoridades instaron a las familias a utilizar la plataforma para regularizar su matr\u00edcula del a\u00f1o 2025.<\/em><\/li>\n<\/ul>\n\n\n\n<p>La ministra (s) de Educaci\u00f3n, Alejandra Arratia, junto a la coordinadora nacional del Sistema de Admisi\u00f3n Escolar (SAE), Francisca V\u00e1squez, explicaron los detalles del funcionamiento de la plataforma digital \u201cAn\u00f3tate en la Lista\u201d para el proceso de regularizaci\u00f3n de matr\u00edcula correspondiente al a\u00f1o escolar 2025 e hicieron un llamado a las familias a postular a los establecimientos educacionales de su inter\u00e9s.<\/p>\n\n\n\n<p>\u201cAn\u00f3tate en la Lista\u201d es una herramienta gratuita, transparente y que moderniza el sistema de acceso a la educaci\u00f3n, digitalizando un tr\u00e1mite que antiguamente se hac\u00eda de forma presencial, brindando a las familias la opci\u00f3n de solicitar una vacante en los establecimientos de su elecci\u00f3n, gener\u00e1ndose una lista de espera seg\u00fan el orden cronol\u00f3gico de esas solicitudes, tal como ocurrir\u00eda si el tr\u00e1mite fuese presencial, permitiendo a las personas ahorrar tiempo, no hacer filas y abarcar m\u00e1s establecimientos.<\/p>\n\n\n\n<p>Al respecto, la ministra (s) Alejandra Arratia indic\u00f3 que \u201clas familias pueden postular en l\u00ednea, eliminando las filas afuera de los establecimientos. Incluso, antiguamente, cuando el tr\u00e1mite era presencial, hab\u00eda familias que dorm\u00edan en la calle para poder llegar primero. Pusimos a disposici\u00f3n una plataforma donde toda la informaci\u00f3n sobre las vacantes disponibles en el sistema educacional est\u00e1 al alcance. La digitalizaci\u00f3n tambi\u00e9n permite un sistema m\u00e1s expedito, lo que facilita la gesti\u00f3n y nos proporciona informaci\u00f3n actualizada para identificar \u00e1reas con mayor demanda. Esto nos ayuda a gestionar mejor las ofertas educativas, orientando nuestras acciones y apoyando a los sostenedores en la toma de decisiones&#8221;.<\/p>\n\n\n\n<p>Por su parte, la coordinadora nacional del Sistema de Admisi\u00f3n Escolar (SAE), Francisca V\u00e1squez, sostuvo que \u201ceste es un proceso que funciona de manera continua, gratuita y transparente. Hacemos un llamado a las familias para inscribirse, tomarse el tiempo para revisar las vacantes que les interesen. Les recomendamos marcar seis o m\u00e1s opciones para que el proceso tenga \u00e9xito. Y, una vez que encuentren una opci\u00f3n adecuada, ingresar la solicitud en la plataforma. Posteriormente, al recibir una respuesta, podr\u00e1n formalizar su inscripci\u00f3n y regularizar su matr\u00edcula. Esto permitir\u00e1 que, al mismo tiempo, se vayan moviendo las listas en otros establecimientos en los que los interesados se hayan inscrito previamente\u201d.<\/p>\n\n\n\n<p>Asimismo, la SEREMI de Educaci\u00f3n, Alyson Hadad, indic\u00f3: \u201cCabe se\u00f1alar, que la plataforma \u201cAn\u00f3tate en la Lista\u201d servir\u00e1 para que, las familias que lo necesiten busquen cupos durante todo el a\u00f1o escolar 2025; es decir, en nuestra regi\u00f3n puntualmente, comenz\u00f3 el pasado 20 de diciembre y estar\u00e1 disponible &nbsp;hasta el pr\u00f3ximo proceso del Sistema de Admisi\u00f3n Escolar, por lo que se mantendr\u00e1 habilitada durante todo el a\u00f1o2, inform\u00f3 la autoridad.<\/p>\n\n\n\n<p><strong><u>\u00bfC\u00f3mo funciona \u201cAn\u00f3tate en la Lista\u201d?<\/u><\/strong><\/p>\n\n\n\n<p>1.&nbsp;&nbsp;&nbsp;&nbsp; Los apoderados deben ingresar al sitio web <a href=\"http:\/\/www.sistemadeadmisionescolar.cl\">www.sistemadeadmisionescolar.cl<\/a> , pinchar en el bot\u00f3n \u201cAn\u00f3tate en la Lista\u201d y crearse una cuenta. Luego de eso, y seg\u00fan las fechas indicadas, podr\u00e1n solicitar vacantes en los establecimientos.<\/p>\n\n\n\n<p>2.&nbsp;&nbsp;&nbsp;&nbsp; Una vez marcadas las opciones, deben confirmar el ingreso de la solicitud y la informaci\u00f3n de contacto. Las familias sabr\u00e1n siempre en qu\u00e9 n\u00famero de la lista se encuentran.<\/p>\n\n\n\n<p>3.&nbsp;&nbsp;&nbsp;&nbsp; Los establecimientos recibir\u00e1n la informaci\u00f3n de las postulaciones y, si tienen vacantes disponibles, las asignar\u00e1n por orden cronol\u00f3gico de solicitud, es decir, partiendo por quienes se inscribieron primero, tal como habr\u00eda ocurrido si el proceso fuese presencial.<\/p>\n\n\n\n<p>4.&nbsp;&nbsp;&nbsp;&nbsp; Por \u00faltimo, los establecimientos educacionales contactar\u00e1n directamente a las familias cuando se les asigne una vacante, para continuar con el tr\u00e1mite de matr\u00edcula.<\/p>\n\n\n\n<p><strong><u>Fechas de \u201cAn\u00f3tate en la Lista\u201d<\/u><\/strong><\/p>\n\n\n\n<p>Hay cinco fechas diferenciadas para que las familias usen la plataforma, dependiendo de la situaci\u00f3n en que se encuentren:<\/p>\n\n\n\n<p>1.&nbsp;&nbsp;&nbsp;&nbsp; Desde el 11 de diciembre 2024: a partir de esta fecha las familias pueden crear sus cuentas y validar sus datos, y pueden pedir cupos aquellas cuyos estudiantes postularon por el SAE pero repitieron de curso, por lo que necesitan una vacante en un nivel distinto al asignado.<\/p>\n\n\n\n<p>2.&nbsp;&nbsp;&nbsp;&nbsp; Desde el 16 de diciembre 2024: pueden usar la plataforma las familias cuyos estudiantes postularon del per\u00edodo complementario del SAE y no fueron asignados a un establecimiento.<\/p>\n\n\n\n<p>3.&nbsp;&nbsp;&nbsp;&nbsp; Desde el 18 de diciembre 2024: pueden usar la plataforma todas aquellas familias de la zona norte del pa\u00eds que no participaron del SAE en sus per\u00edodos regular y complementario y necesitan un cupo (regiones de Arica y Parinacota, Tarapac\u00e1, Antofagasta, Atacama, Coquimbo y Valpara\u00edso).<\/p>\n\n\n\n<p>4.&nbsp;&nbsp;&nbsp;&nbsp; <strong>Desde el 20 de diciembre 2024<\/strong>: pueden usar la plataforma todas aquellas familias de la zona sur del pa\u00eds que no participaron del SAE en sus per\u00edodos regular y complementario y necesitan un cupo (regiones de <strong>O\u2019Higgins<\/strong>, Maule, \u00d1uble, Biob\u00edo, La Araucan\u00eda, Los R\u00edos, Los Lagos, Ays\u00e9n y Magallanes).<\/p>\n\n\n\n<p>5.&nbsp;&nbsp;&nbsp;&nbsp; Desde el 26 de diciembre 2024: podr\u00e1n usar la plataforma todas aquellas familias de la Regi\u00f3n Metropolitana que no participaron del SAE en sus per\u00edodos regular y complementario y necesitan un cupo.<\/p>\n","protected":false},"excerpt":{"rendered":"La ministra (s) de Educaci\u00f3n, Alejandra Arratia, junto a la coordinadora nacional del Sistema de Admisi\u00f3n Escolar (SAE),&hellip;\n","protected":false},"author":4,"featured_media":2360,"comment_status":"open","ping_status":"open","sticky":false,"template":"","format":"standard","meta":{"footnotes":""},"categories":[17,10,12,9,23,11],"tags":[],"class_list":{"0":"post-2359","1":"post","2":"type-post","3":"status-publish","4":"format-standard","5":"has-post-thumbnail","7":"category-actualidad","8":"category-comunal","9":"category-nacional","10":"category-portada","11":"category-principal","12":"category-regional"},"_links":{"self":[{"href":"https:\/\/www.diariohiggins.cl\/portal\/wp-json\/wp\/v2\/posts\/2359","targetHints":{"allow":["GET"]}}],"collection":[{"href":"https:\/\/www.diariohiggins.cl\/portal\/wp-json\/wp\/v2\/posts"}],"about":[{"href":"https:\/\/www.diariohiggins.cl\/portal\/wp-json\/wp\/v2\/types\/post"}],"author":[{"embeddable":true,"href":"https:\/\/www.diariohiggins.cl\/portal\/wp-json\/wp\/v2\/users\/4"}],"replies":[{"embeddable":true,"href":"https:\/\/www.diariohiggins.cl\/portal\/wp-json\/wp\/v2\/comments?post=2359"}],"version-history":[{"count":1,"href":"https:\/\/www.diariohiggins.cl\/portal\/wp-json\/wp\/v2\/posts\/2359\/revisions"}],"predecessor-version":[{"id":2361,"href":"https:\/\/www.diariohiggins.cl\/portal\/wp-json\/wp\/v2\/posts\/2359\/revisions\/2361"}],"wp:featuredmedia":[{"embeddable":true,"href":"https:\/\/www.diariohiggins.cl\/portal\/wp-json\/wp\/v2\/media\/2360"}],"wp:attachment":[{"href":"https:\/\/www.diariohiggins.cl\/portal\/wp-json\/wp\/v2\/media?parent=2359"}],"wp:term":[{"taxonomy":"category","embeddable":true,"href":"https:\/\/www.diariohiggins.cl\/portal\/wp-json\/wp\/v2\/categories?post=2359"},{"taxonomy":"post_tag","embeddable":true,"href":"https:\/\/www.diariohiggins.cl\/portal\/wp-json\/wp\/v2\/tags?post=2359"}],"curies":[{"name":"wp","href":"https:\/\/api.w.org\/{rel}","templated":true}]}}