{"id":2346,"date":"2024-12-29T15:07:29","date_gmt":"2024-12-29T15:07:29","guid":{"rendered":"https:\/\/diariohiggins.cl\/portal\/?p=2346"},"modified":"2025-01-01T16:48:04","modified_gmt":"2025-01-01T16:48:04","slug":"golpe-al-narcotrafico-desarticulan-banda-que-operaba-en-graneros-y-mostazal","status":"publish","type":"post","link":"https:\/\/www.diariohiggins.cl\/portal\/2024\/12\/29\/golpe-al-narcotrafico-desarticulan-banda-que-operaba-en-graneros-y-mostazal\/","title":{"rendered":"\u00a1Golpe al narcotr\u00e1fico! Desarticulan banda que operaba en Graneros y Mostazal"},"content":{"rendered":"\n<p>Tras tres meses de investigaci\u00f3n liderada por Carabineros del OS-7 Cachapoal en coordinaci\u00f3n con la Fiscal\u00eda de Graneros, y con el apoyo del GOPE O\u2019Higgins y la 7\u00b0 Comisar\u00eda COP, se logr\u00f3 desmantelar una organizaci\u00f3n criminal dedicada al microtr\u00e1fico de drogas y acopio de armas en las comunas de Graneros y Mostazal. Seg\u00fan explic\u00f3 el Teniente Coronel Luis Rebolledo, Subprefecto de los Servicios Prefectura Cachapoal, la investigaci\u00f3n permiti\u00f3 identificar domicilios utilizados para la comercializaci\u00f3n y almacenamiento de diversos tipos de drogas. Con esta informaci\u00f3n, el viernes se ejecutaron allanamientos en cuatro inmuebles, resultando en la detenci\u00f3n de seis personas.<\/p>\n\n\n\n<p>En los procedimientos se decomisaron 2 kilos 233 gramos de marihuana elaborada, 71 gramos de pasta base de coca\u00edna, 14 gramos de clorhidrato de coca\u00edna y 41 plantas de cannabis sativa de entre 30 cm y 2,5 m de altura. Adem\u00e1s, se incautaron $108.000 en efectivo, tres pesas digitales, utensilios para dosificar y varias armas, entre ellas una escopeta hechiza, dos pistolas de fogueo marca Glock y seis municiones calibre 12.<\/p>\n\n\n\n<p>Los detenidos, identificados como P.A.E.P. (28 a\u00f1os), T.A.G.A. (54 a\u00f1os), O.D.D.A. (35 a\u00f1os), J.H.S.O. (59 a\u00f1os), C.R.C.V. (69 a\u00f1os) y L.A.O.M. (53 a\u00f1os), cuentan con antecedentes por delitos como violencia intrafamiliar, robo con violencia, lesiones y microtr\u00e1fico, excepto uno de ellos que no registra antecedentes previos. Este s\u00e1bado pasaron a control de detenci\u00f3n, enfrentando cargos por microtr\u00e1fico de drogas y control de armas y explosivos. La operaci\u00f3n reafirma el compromiso de las autoridades por combatir el narcotr\u00e1fico y garantizar la seguridad en la regi\u00f3n.<\/p>\n","protected":false},"excerpt":{"rendered":"Tras tres meses de investigaci\u00f3n liderada por Carabineros del OS-7 Cachapoal en coordinaci\u00f3n con la Fiscal\u00eda de Graneros,&hellip;\n","protected":false},"author":3,"featured_media":2347,"comment_status":"open","ping_status":"open","sticky":false,"template":"","format":"standard","meta":{"footnotes":""},"categories":[17,10,15,23,11],"tags":[],"class_list":{"0":"post-2346","1":"post","2":"type-post","3":"status-publish","4":"format-standard","5":"has-post-thumbnail","7":"category-actualidad","8":"category-comunal","9":"category-policial","10":"category-principal","11":"category-regional"},"_links":{"self":[{"href":"https:\/\/www.diariohiggins.cl\/portal\/wp-json\/wp\/v2\/posts\/2346","targetHints":{"allow":["GET"]}}],"collection":[{"href":"https:\/\/www.diariohiggins.cl\/portal\/wp-json\/wp\/v2\/posts"}],"about":[{"href":"https:\/\/www.diariohiggins.cl\/portal\/wp-json\/wp\/v2\/types\/post"}],"author":[{"embeddable":true,"href":"https:\/\/www.diariohiggins.cl\/portal\/wp-json\/wp\/v2\/users\/3"}],"replies":[{"embeddable":true,"href":"https:\/\/www.diariohiggins.cl\/portal\/wp-json\/wp\/v2\/comments?post=2346"}],"version-history":[{"count":1,"href":"https:\/\/www.diariohiggins.cl\/portal\/wp-json\/wp\/v2\/posts\/2346\/revisions"}],"predecessor-version":[{"id":2348,"href":"https:\/\/www.diariohiggins.cl\/portal\/wp-json\/wp\/v2\/posts\/2346\/revisions\/2348"}],"wp:featuredmedia":[{"embeddable":true,"href":"https:\/\/www.diariohiggins.cl\/portal\/wp-json\/wp\/v2\/media\/2347"}],"wp:attachment":[{"href":"https:\/\/www.diariohiggins.cl\/portal\/wp-json\/wp\/v2\/media?parent=2346"}],"wp:term":[{"taxonomy":"category","embeddable":true,"href":"https:\/\/www.diariohiggins.cl\/portal\/wp-json\/wp\/v2\/categories?post=2346"},{"taxonomy":"post_tag","embeddable":true,"href":"https:\/\/www.diariohiggins.cl\/portal\/wp-json\/wp\/v2\/tags?post=2346"}],"curies":[{"name":"wp","href":"https:\/\/api.w.org\/{rel}","templated":true}]}}