{"id":2263,"date":"2024-11-23T00:00:14","date_gmt":"2024-11-23T00:00:14","guid":{"rendered":"https:\/\/diariohiggins.cl\/portal\/?p=2263"},"modified":"2024-11-23T00:00:17","modified_gmt":"2024-11-23T00:00:17","slug":"funcionarios-de-gendarmeria-suspenden-movilizacion-pero-advierten-de-crisis-estructural-persistente","status":"publish","type":"post","link":"https:\/\/www.diariohiggins.cl\/portal\/2024\/11\/23\/funcionarios-de-gendarmeria-suspenden-movilizacion-pero-advierten-de-crisis-estructural-persistente\/","title":{"rendered":"Funcionarios de Gendarmer\u00eda Suspenden Movilizaci\u00f3n pero Advierten de Crisis Estructural Persistente"},"content":{"rendered":"\n<p><br>El Frente de Trabajadores Penitenciarios anunci\u00f3 hoy que el acuerdo alcanzado con el Ministerio de Justicia ha puesto fin a la movilizaci\u00f3n nacional de Gendarmer\u00eda. En un comunicado, se\u00f1alaron que, aunque celebran el avance, las medidas acordadas son solamente paliativas y no abordan la crisis estructural del sistema penitenciario. Urgen al gobierno y a la sociedad a trabajar en pol\u00edticas p\u00fablicas serias y sostenibles que mejoren las condiciones laborales y la reinserci\u00f3n social en Gendarmer\u00eda. Tambi\u00e9n destacaron que, incluso en medio de una crisis de seguridad nacional, han demostrado que las c\u00e1rceles chilenas est\u00e1n en manos seguras.<\/p>\n","protected":false},"excerpt":{"rendered":"El Frente de Trabajadores Penitenciarios anunci\u00f3 hoy que el acuerdo alcanzado con el Ministerio de Justicia ha puesto&hellip;\n","protected":false},"author":1,"featured_media":2266,"comment_status":"open","ping_status":"open","sticky":false,"template":"","format":"standard","meta":{"footnotes":""},"categories":[23],"tags":[],"class_list":{"0":"post-2263","1":"post","2":"type-post","3":"status-publish","4":"format-standard","5":"has-post-thumbnail","7":"category-principal"},"_links":{"self":[{"href":"https:\/\/www.diariohiggins.cl\/portal\/wp-json\/wp\/v2\/posts\/2263","targetHints":{"allow":["GET"]}}],"collection":[{"href":"https:\/\/www.diariohiggins.cl\/portal\/wp-json\/wp\/v2\/posts"}],"about":[{"href":"https:\/\/www.diariohiggins.cl\/portal\/wp-json\/wp\/v2\/types\/post"}],"author":[{"embeddable":true,"href":"https:\/\/www.diariohiggins.cl\/portal\/wp-json\/wp\/v2\/users\/1"}],"replies":[{"embeddable":true,"href":"https:\/\/www.diariohiggins.cl\/portal\/wp-json\/wp\/v2\/comments?post=2263"}],"version-history":[{"count":1,"href":"https:\/\/www.diariohiggins.cl\/portal\/wp-json\/wp\/v2\/posts\/2263\/revisions"}],"predecessor-version":[{"id":2267,"href":"https:\/\/www.diariohiggins.cl\/portal\/wp-json\/wp\/v2\/posts\/2263\/revisions\/2267"}],"wp:featuredmedia":[{"embeddable":true,"href":"https:\/\/www.diariohiggins.cl\/portal\/wp-json\/wp\/v2\/media\/2266"}],"wp:attachment":[{"href":"https:\/\/www.diariohiggins.cl\/portal\/wp-json\/wp\/v2\/media?parent=2263"}],"wp:term":[{"taxonomy":"category","embeddable":true,"href":"https:\/\/www.diariohiggins.cl\/portal\/wp-json\/wp\/v2\/categories?post=2263"},{"taxonomy":"post_tag","embeddable":true,"href":"https:\/\/www.diariohiggins.cl\/portal\/wp-json\/wp\/v2\/tags?post=2263"}],"curies":[{"name":"wp","href":"https:\/\/api.w.org\/{rel}","templated":true}]}}