{"id":2246,"date":"2024-11-22T23:32:49","date_gmt":"2024-11-22T23:32:49","guid":{"rendered":"https:\/\/diariohiggins.cl\/portal\/?p=2246"},"modified":"2024-11-22T23:46:36","modified_gmt":"2024-11-22T23:46:36","slug":"monsalve-fue-amenazado-de-muerte-por-el-lider-de-una-banda-narcotraficante-en-la-carcel-de-rancagua-el-incidente-en-el-que-el-cabecilla-le-dijo-te-voy-a-matar-ha-generado-gran-pre","status":"publish","type":"post","link":"https:\/\/www.diariohiggins.cl\/portal\/2024\/11\/22\/monsalve-fue-amenazado-de-muerte-por-el-lider-de-una-banda-narcotraficante-en-la-carcel-de-rancagua-el-incidente-en-el-que-el-cabecilla-le-dijo-te-voy-a-matar-ha-generado-gran-pre\/","title":{"rendered":"Monsalve recibi\u00f3 amenazas de muerte de un l\u00edder narcotraficante en la c\u00e1rcel de Rancagua, alertando sobre la seguridad penitenciaria."},"content":{"rendered":"\n<p>La defensa de <strong>Manuel Monsalve<\/strong>, ex subsecretario del Interior, present\u00f3 este viernes un recurso de amparo ante la Corte de Apelaciones de Santiago, luego de que el imputado recibiera amenazas de muerte mientras se encontraba en la c\u00e1rcel de Rancagua.<\/p>\n\n\n\n<p>Los abogados de Monsalve, quien est\u00e1 en prisi\u00f3n preventiva por los cargos de violaci\u00f3n y abuso sexual, solicitaron un cambio en la medida cautelar que lo mantiene en reclusi\u00f3n, pidiendo que se le permita cumplirla en su domicilio. Esta solicitud hab\u00eda sido rechazada en la audiencia de formalizaci\u00f3n la semana pasada.<\/p>\n\n\n\n<p>El recurso presentado destaca las amenazas proferidas por <strong>Antonella Marchant<\/strong>, una reclusa condenada por narcotr\u00e1fico, quien habr\u00eda amenazado a Monsalve mientras \u00e9l se encontraba en el \u00c1rea de Salud del penal. Los abogados tambi\u00e9n mencionaron deficiencias en la seguridad del establecimiento, alegando que algunos funcionarios de Gendarmer\u00eda hab\u00edan reportado posibles fallos de mantenimiento en las instalaciones.<\/p>\n\n\n\n<p>El jueves, Gendarmer\u00eda formaliz\u00f3 una denuncia ante el Ministerio P\u00fablico por las amenazas recibidas por Monsalve. En su informe, la instituci\u00f3n detall\u00f3 que los hechos ocurrieron cuando el imputado fue atendido en la zona m\u00e9dica del centro penitenciario. En respuesta a los hechos, el ministro de Justicia, <strong>Jaime Gajardo<\/strong>, asegur\u00f3 que la denuncia est\u00e1 siendo investigada, pero destac\u00f3 que el penal de Rancagua cumple con los est\u00e1ndares necesarios para garantizar la seguridad de los internos.<\/p>\n\n\n\n<p>Por su parte, Gajardo rechaz\u00f3 las declaraciones de la defensa de Monsalve, afirmando que los informes sobre la situaci\u00f3n de inseguridad en el penal no son oficiales. El ministro sostuvo que los antecedentes proporcionados por Gendarmer\u00eda tras una inspecci\u00f3n t\u00e9cnica indican que las instalaciones del centro est\u00e1n adecuadas para resguardar la seguridad de todos los internos.<\/p>\n\n\n\n<p>Mientras tanto, el ex subsecretario se encontraba en la zona m\u00e9dica cuando, seg\u00fan T13, Marchant se acerc\u00f3 a \u00e9l, proferiendo amenazas de muerte y realizando un gesto amenazante de degollamiento: &nbsp;<strong>\u201cTe voy a matar, violador conche\u2026\u201d<\/strong>, habr\u00edan sido las palabras dirigidas a Monsalve.<\/p>\n","protected":false},"excerpt":{"rendered":"La defensa de Manuel Monsalve, ex subsecretario del Interior, present\u00f3 este viernes un recurso de amparo ante la&hellip;\n","protected":false},"author":1,"featured_media":2247,"comment_status":"open","ping_status":"open","sticky":false,"template":"","format":"standard","meta":{"footnotes":""},"categories":[23],"tags":[],"class_list":{"0":"post-2246","1":"post","2":"type-post","3":"status-publish","4":"format-standard","5":"has-post-thumbnail","7":"category-principal"},"_links":{"self":[{"href":"https:\/\/www.diariohiggins.cl\/portal\/wp-json\/wp\/v2\/posts\/2246","targetHints":{"allow":["GET"]}}],"collection":[{"href":"https:\/\/www.diariohiggins.cl\/portal\/wp-json\/wp\/v2\/posts"}],"about":[{"href":"https:\/\/www.diariohiggins.cl\/portal\/wp-json\/wp\/v2\/types\/post"}],"author":[{"embeddable":true,"href":"https:\/\/www.diariohiggins.cl\/portal\/wp-json\/wp\/v2\/users\/1"}],"replies":[{"embeddable":true,"href":"https:\/\/www.diariohiggins.cl\/portal\/wp-json\/wp\/v2\/comments?post=2246"}],"version-history":[{"count":2,"href":"https:\/\/www.diariohiggins.cl\/portal\/wp-json\/wp\/v2\/posts\/2246\/revisions"}],"predecessor-version":[{"id":2262,"href":"https:\/\/www.diariohiggins.cl\/portal\/wp-json\/wp\/v2\/posts\/2246\/revisions\/2262"}],"wp:featuredmedia":[{"embeddable":true,"href":"https:\/\/www.diariohiggins.cl\/portal\/wp-json\/wp\/v2\/media\/2247"}],"wp:attachment":[{"href":"https:\/\/www.diariohiggins.cl\/portal\/wp-json\/wp\/v2\/media?parent=2246"}],"wp:term":[{"taxonomy":"category","embeddable":true,"href":"https:\/\/www.diariohiggins.cl\/portal\/wp-json\/wp\/v2\/categories?post=2246"},{"taxonomy":"post_tag","embeddable":true,"href":"https:\/\/www.diariohiggins.cl\/portal\/wp-json\/wp\/v2\/tags?post=2246"}],"curies":[{"name":"wp","href":"https:\/\/api.w.org\/{rel}","templated":true}]}}