{"id":2243,"date":"2024-11-22T23:27:03","date_gmt":"2024-11-22T23:27:03","guid":{"rendered":"https:\/\/diariohiggins.cl\/portal\/?p=2243"},"modified":"2024-11-22T23:27:08","modified_gmt":"2024-11-22T23:27:08","slug":"este-domingo-once-regiones-procederan-a-la-eleccion-de-su-gobernador-regional-en-una-segunda-vuelta-electoral","status":"publish","type":"post","link":"https:\/\/www.diariohiggins.cl\/portal\/2024\/11\/22\/este-domingo-once-regiones-procederan-a-la-eleccion-de-su-gobernador-regional-en-una-segunda-vuelta-electoral\/","title":{"rendered":"Este domingo, once regiones proceder\u00e1n a la elecci\u00f3n de su Gobernador Regional en una segunda vuelta electoral."},"content":{"rendered":"\n<p>Las autoridades nacionales recordaron que el voto es obligatorio y enfatizaron que esta vez se tratar\u00e1 de una \u00fanica jornada electoral. En esta oportunidad las personas deber\u00e1n escoger entre dos candidatos en las regiones de Arica y Parinacota, Antofagasta, Atacama, Coquimbo, Valpara\u00edso, Regi\u00f3n Metropolitana, O\u2019Higgins, Maule, Biob\u00edo, La Araucan\u00eda, y Los Lagos, donde ninguna candidatura obtuvo en primera vuelta el 40% o m\u00e1s de las preferencias.<\/p>\n\n\n\n<p>La ministra de Defensa Nacional, Maya Fern\u00e1ndez, destac\u00f3 que tal como ocurre en cada proceso electoral y seg\u00fan lo establece la ley, las Fuerzas Armadas estar\u00e1n a cargo del resguardo de los recintos de votaci\u00f3n para esta elecci\u00f3n. En esta oportunidad son m\u00e1s de 22 mil los efectivos de las tres ramas de las Fuerzas Armadas -del Ej\u00e9rcito, de la Armada y de la Fuerza A\u00e9rea- los que estar\u00e1n colaborando tanto con tareas log\u00edsticas, como con la seguridad de los recintos de votaci\u00f3n, del material electoral y la orientaci\u00f3n a los votantes el d\u00eda de la elecci\u00f3n.<\/p>\n\n\n\n<p>En O\u2019Higgins competir\u00e1n quien ostenta actualmente el cargo, Pablo Silva Amaya, contra el republicano, Fernando Ugarte.<\/p>\n","protected":false},"excerpt":{"rendered":"Las autoridades nacionales recordaron que el voto es obligatorio y enfatizaron que esta vez se tratar\u00e1 de una&hellip;\n","protected":false},"author":1,"featured_media":2244,"comment_status":"open","ping_status":"open","sticky":false,"template":"","format":"standard","meta":{"footnotes":""},"categories":[23],"tags":[],"class_list":{"0":"post-2243","1":"post","2":"type-post","3":"status-publish","4":"format-standard","5":"has-post-thumbnail","7":"category-principal"},"_links":{"self":[{"href":"https:\/\/www.diariohiggins.cl\/portal\/wp-json\/wp\/v2\/posts\/2243","targetHints":{"allow":["GET"]}}],"collection":[{"href":"https:\/\/www.diariohiggins.cl\/portal\/wp-json\/wp\/v2\/posts"}],"about":[{"href":"https:\/\/www.diariohiggins.cl\/portal\/wp-json\/wp\/v2\/types\/post"}],"author":[{"embeddable":true,"href":"https:\/\/www.diariohiggins.cl\/portal\/wp-json\/wp\/v2\/users\/1"}],"replies":[{"embeddable":true,"href":"https:\/\/www.diariohiggins.cl\/portal\/wp-json\/wp\/v2\/comments?post=2243"}],"version-history":[{"count":1,"href":"https:\/\/www.diariohiggins.cl\/portal\/wp-json\/wp\/v2\/posts\/2243\/revisions"}],"predecessor-version":[{"id":2245,"href":"https:\/\/www.diariohiggins.cl\/portal\/wp-json\/wp\/v2\/posts\/2243\/revisions\/2245"}],"wp:featuredmedia":[{"embeddable":true,"href":"https:\/\/www.diariohiggins.cl\/portal\/wp-json\/wp\/v2\/media\/2244"}],"wp:attachment":[{"href":"https:\/\/www.diariohiggins.cl\/portal\/wp-json\/wp\/v2\/media?parent=2243"}],"wp:term":[{"taxonomy":"category","embeddable":true,"href":"https:\/\/www.diariohiggins.cl\/portal\/wp-json\/wp\/v2\/categories?post=2243"},{"taxonomy":"post_tag","embeddable":true,"href":"https:\/\/www.diariohiggins.cl\/portal\/wp-json\/wp\/v2\/tags?post=2243"}],"curies":[{"name":"wp","href":"https:\/\/api.w.org\/{rel}","templated":true}]}}