{"id":2238,"date":"2024-11-21T10:29:31","date_gmt":"2024-11-21T10:29:31","guid":{"rendered":"https:\/\/diariohiggins.cl\/portal\/?p=2238"},"modified":"2024-11-21T10:29:33","modified_gmt":"2024-11-21T10:29:33","slug":"mineduc-lanza-campana-foco-en-la-convivencia-educativa-para-promover-un-ambiente-escolar-inclusivo-y-de-buen-trato","status":"publish","type":"post","link":"https:\/\/www.diariohiggins.cl\/portal\/2024\/11\/21\/mineduc-lanza-campana-foco-en-la-convivencia-educativa-para-promover-un-ambiente-escolar-inclusivo-y-de-buen-trato\/","title":{"rendered":"Mineduc lanza campa\u00f1a \u201cFoco en la Convivencia Educativa\u201d para promover un ambiente escolar inclusivo y de buen trato"},"content":{"rendered":"\n<ul class=\"wp-block-list\">\n<li><em>La subsecretaria de Educaci\u00f3n, Alejandra Arratia, lider\u00f3 la ceremonia de presentaci\u00f3n de la campa\u00f1a en el Colegio Lenka Franulic de \u00d1u\u00f1oa. En la actividad se realiz\u00f3 un conversatorio con miembros de la comunidad escolar para fortalecer los lazos dentro del entorno educativo<\/em>.<\/li>\n<\/ul>\n\n\n\n<figure class=\"wp-block-image size-large\"><img loading=\"lazy\" decoding=\"async\" width=\"768\" height=\"1024\" src=\"https:\/\/diariohiggins.cl\/portal\/wp-content\/uploads\/2024\/11\/brigadas-escolares-2-768x1024.jpg\" alt=\"\" class=\"wp-image-2239\" srcset=\"https:\/\/www.diariohiggins.cl\/portal\/wp-content\/uploads\/2024\/11\/brigadas-escolares-2-768x1024.jpg 768w, https:\/\/www.diariohiggins.cl\/portal\/wp-content\/uploads\/2024\/11\/brigadas-escolares-2-225x300.jpg 225w, https:\/\/www.diariohiggins.cl\/portal\/wp-content\/uploads\/2024\/11\/brigadas-escolares-2-1152x1536.jpg 1152w, https:\/\/www.diariohiggins.cl\/portal\/wp-content\/uploads\/2024\/11\/brigadas-escolares-2-110x147.jpg 110w, https:\/\/www.diariohiggins.cl\/portal\/wp-content\/uploads\/2024\/11\/brigadas-escolares-2-200x267.jpg 200w, https:\/\/www.diariohiggins.cl\/portal\/wp-content\/uploads\/2024\/11\/brigadas-escolares-2-380x507.jpg 380w, https:\/\/www.diariohiggins.cl\/portal\/wp-content\/uploads\/2024\/11\/brigadas-escolares-2-255x340.jpg 255w, https:\/\/www.diariohiggins.cl\/portal\/wp-content\/uploads\/2024\/11\/brigadas-escolares-2-300x400.jpg 300w, https:\/\/www.diariohiggins.cl\/portal\/wp-content\/uploads\/2024\/11\/brigadas-escolares-2-550x733.jpg 550w, https:\/\/www.diariohiggins.cl\/portal\/wp-content\/uploads\/2024\/11\/brigadas-escolares-2-800x1067.jpg 800w, https:\/\/www.diariohiggins.cl\/portal\/wp-content\/uploads\/2024\/11\/brigadas-escolares-2-1160x1547.jpg 1160w, https:\/\/www.diariohiggins.cl\/portal\/wp-content\/uploads\/2024\/11\/brigadas-escolares-2.jpg 1200w\" sizes=\"auto, (max-width: 768px) 100vw, 768px\" \/><\/figure>\n\n\n\n<p>En una actividad liderada por la subsecretaria de Educaci\u00f3n, Alejandra Arratia, junto a autoridades del Ministerio de Educaci\u00f3n, fue lanzada la campa\u00f1a \u201cFoco en la Convivencia Educativa\u201d, iniciativa que busca promover un ambiente escolar inclusivo, respetuoso y de buen trato para toda la comunidad educativa.&nbsp;<\/p>\n\n\n\n<p>Durante el evento, se realiz\u00f3 un conversatorio con miembros de la comunidad educativa, estudiantes, egresados, apoderados, docentes y asistentes de la educaci\u00f3n, en el que abordaron temas sobre la promoci\u00f3n de la convivencia escolar y discutieron acciones concretas que se pueden implementar para fortalecer los lazos dentro del entorno educativo. Asimismo, se present\u00f3 el spot de la campa\u00f1a, el que ser\u00e1 difundido por televisi\u00f3n abierta.&nbsp;<\/p>\n\n\n\n<p>\u201cEste es un llamado a reflexionar y actuar sobre c\u00f3mo cuidamos y fomentamos la convivencia dentro de los espacios educativos. Es un llamado a no naturalizar ni ignorar situaciones de violencia en la convivencia; a ver y o\u00edr lo que est\u00e1 ocurriendo, a ayudar a mediar, resolver y, si es necesario, denunciar ante la Superintendencia de Educaci\u00f3n. Por nuestra parte, como Ministerio de Educaci\u00f3n seguiremos trabajando para resguardar el desarrollo de trayectorias formativas positivas y promover espacios educativos libres de violencia\u201d, se\u00f1al\u00f3 la subsecretaria Alejandra Arratia.&nbsp;<\/p>\n\n\n\n<p>Asimismo, la Seremi de Educaci\u00f3n, Alyson Hadad, manifest\u00f3: \u201cEstamos enfocados en crear las condiciones para que ni\u00f1os, ni\u00f1as, j\u00f3venes y adultos aprendan a convivir cada vez mejor, construyendo la convivencia en conjunto desde sus comunidades educativas, para aprender en un entorno seguro y de bienestar. La escuela debe ser un espacio en donde cada uno de sus integrantes se sienta resguardado y protegido y, a trav\u00e9s de esta campa\u00f1a, buscamos sensibilizar tanto a las comunidades educativas como a la opini\u00f3n p\u00fablica de la importancia de mantener una buena convivencia al interior de colegios, escuelas y liceos\u201d.<\/p>\n\n\n\n<p>Cabe recordar que la C\u00e1mara de Diputadas y Diputados aprob\u00f3 el Proyecto de Ley de Convivencia, Buen Trato y Bienestar de las Comunidades Educativas presentado por el Ministerio de Educaci\u00f3n durante este a\u00f1o, lo que permite continuar con su tramitaci\u00f3n legislativa en el Senado y avanzar en una mejor regulaci\u00f3n respecto de la convivencia educativa.<\/p>\n\n\n\n<p>Lo anterior viene a complementar una serie de pol\u00edticas, planes e iniciativas que el Ministerio de Educaci\u00f3n est\u00e1 llevando a cabo para avanzar en una mejor convivencia educativa, como la actualizaci\u00f3n de la Pol\u00edtica Nacional de Convivencia Educativa, la implementaci\u00f3n del programa A Convivir se Aprende, que este a\u00f1o ampli\u00f3 su cobertura a 150 comunas, y otros dispositivos que se han puesto a disposici\u00f3n de los establecimientos, como el Sistema de Monitoreo de Convivencia, maletines y recursos para el aprendizaje socioemocional y el desarrollo integral, y el programa Habilidades para la Vida de Junaeb.<\/p>\n","protected":false},"excerpt":{"rendered":"En una actividad liderada por la subsecretaria de Educaci\u00f3n, Alejandra Arratia, junto a autoridades del Ministerio de Educaci\u00f3n,&hellip;\n","protected":false},"author":4,"featured_media":2240,"comment_status":"open","ping_status":"open","sticky":false,"template":"","format":"standard","meta":{"footnotes":""},"categories":[23],"tags":[],"class_list":{"0":"post-2238","1":"post","2":"type-post","3":"status-publish","4":"format-standard","5":"has-post-thumbnail","7":"category-principal"},"_links":{"self":[{"href":"https:\/\/www.diariohiggins.cl\/portal\/wp-json\/wp\/v2\/posts\/2238","targetHints":{"allow":["GET"]}}],"collection":[{"href":"https:\/\/www.diariohiggins.cl\/portal\/wp-json\/wp\/v2\/posts"}],"about":[{"href":"https:\/\/www.diariohiggins.cl\/portal\/wp-json\/wp\/v2\/types\/post"}],"author":[{"embeddable":true,"href":"https:\/\/www.diariohiggins.cl\/portal\/wp-json\/wp\/v2\/users\/4"}],"replies":[{"embeddable":true,"href":"https:\/\/www.diariohiggins.cl\/portal\/wp-json\/wp\/v2\/comments?post=2238"}],"version-history":[{"count":1,"href":"https:\/\/www.diariohiggins.cl\/portal\/wp-json\/wp\/v2\/posts\/2238\/revisions"}],"predecessor-version":[{"id":2241,"href":"https:\/\/www.diariohiggins.cl\/portal\/wp-json\/wp\/v2\/posts\/2238\/revisions\/2241"}],"wp:featuredmedia":[{"embeddable":true,"href":"https:\/\/www.diariohiggins.cl\/portal\/wp-json\/wp\/v2\/media\/2240"}],"wp:attachment":[{"href":"https:\/\/www.diariohiggins.cl\/portal\/wp-json\/wp\/v2\/media?parent=2238"}],"wp:term":[{"taxonomy":"category","embeddable":true,"href":"https:\/\/www.diariohiggins.cl\/portal\/wp-json\/wp\/v2\/categories?post=2238"},{"taxonomy":"post_tag","embeddable":true,"href":"https:\/\/www.diariohiggins.cl\/portal\/wp-json\/wp\/v2\/tags?post=2238"}],"curies":[{"name":"wp","href":"https:\/\/api.w.org\/{rel}","templated":true}]}}