{"id":2228,"date":"2024-11-14T16:44:04","date_gmt":"2024-11-14T16:44:04","guid":{"rendered":"https:\/\/diariohiggins.cl\/portal\/?p=2228"},"modified":"2024-11-14T16:44:06","modified_gmt":"2024-11-14T16:44:06","slug":"cierre-del-plazo-del-portafolio-sistema-de-reconocimiento-2024","status":"publish","type":"post","link":"https:\/\/www.diariohiggins.cl\/portal\/2024\/11\/14\/cierre-del-plazo-del-portafolio-sistema-de-reconocimiento-2024\/","title":{"rendered":"CIERRE DEL PLAZO DEL PORTAFOLIO &#8211; \u00a0SISTEMA DE RECONOCIMIENTO 2024"},"content":{"rendered":"\n<ul class=\"wp-block-list\">\n<li><em>Hasta el pr\u00f3ximo lunes 18 de noviembre, a las 23:59 horas, docentes y educadores\/as podr\u00e1n subir las evidencias de sus trabajos para el Portafolio, uno de los dos instrumentos de evaluaci\u00f3n que conforman el Sistema de Reconocimiento. Con el resultado del Portafolio y de la Evaluaci\u00f3n de Conocimientos Espec\u00edficos y Pedag\u00f3gicos m\u00e1s los a\u00f1os de experiencia declarados por los sostenedores, los\/as profesionales de la educaci\u00f3n podr\u00e1n ser asignados a un tramo en la Carrera Docente, en julio de 2025.<\/em><\/li>\n<\/ul>\n\n\n\n<p>Durante estos dos \u00faltimos a\u00f1os, el Ministerio de Educaci\u00f3n, y en especial el Centro de Perfeccionamiento, Experimentaci\u00f3n e Investigaciones Pedag\u00f3gicas (CPEIP) ha realizado cambios importantes a la evaluaci\u00f3n que rinden los y las docentes en el pa\u00eds, seg\u00fan la Ley 21.625. El primero, y m\u00e1s importante, es se termin\u00f3 con la doble evaluaci\u00f3n, que generaba una inequidad que afectaba a los\/as docentes del sistema municipal y SLEP, que deb\u00edan someterse a reiterados procesos evaluativos. El segundo es que el portafolio ha avanzado en mayor transparencia ya que, por primera vez, los y las docentes podr\u00e1n revisar su M\u00f3dulo 2 (clase grabada) en la plataforma, en fecha que prontamente se informar\u00e1. Adem\u00e1s, desde este a\u00f1o el portafolio ha sido actualizado teniendo como referente el &nbsp;Marco para la Buena ense\u00f1anza vigente.<\/p>\n\n\n\n<p>Para Lilia Concha, directora del CPEIP, estos cambios, que forman parte del Plan Nacional Docente, son una buena noticia porque \u201chacen m\u00e1s transparente la implementaci\u00f3n del portafolio, permitiendo a profesores(as) avanzar en su trayectoria, mejorar remuneraciones y seguir una ruta profesionalizante continua, que fortalece adem\u00e1s las virtudes del trabajo entre pares y las pr\u00e1cticas colaborativas\u201d.<\/p>\n\n\n\n<p>Es importante que<strong> los y las docentes que est\u00e1n preparando su portafolio<\/strong>, vayan subiendo sus evidencias <strong>antes de la fecha final,<\/strong> para prevenir saturaci\u00f3n de la plataforma, fallas de conexi\u00f3n a internet de \u00faltima hora o cualquier otro problema que no le permita terminar su portafolio en la fecha prevista, pues no habr\u00e1 extensi\u00f3n del plazo ya se\u00f1alado en la resoluci\u00f3n que calendariza el Sistema de Reconocimiento. &nbsp;De igual manera, la plataforma <a href=\"http:\/\/www.docentemas.cl\">www.docentemas.cl<\/a>, almacena de manera segura la \u00faltima versi\u00f3n guardada por usted de su portafolio, quedando respaldada para la correcci\u00f3n. &nbsp;<\/p>\n\n\n\n<p>Finalmente, el contar con un Sistema \u00danico de Evaluaci\u00f3n Docente permite fortalecer la evaluaci\u00f3n, brindar apoyo a quienes no avancen de tramo y fortalecerla formaci\u00f3n para el desarrollo profesional docente.<\/p>\n\n\n\n<p><\/p>\n","protected":false},"excerpt":{"rendered":"Durante estos dos \u00faltimos a\u00f1os, el Ministerio de Educaci\u00f3n, y en especial el Centro de Perfeccionamiento, Experimentaci\u00f3n e&hellip;\n","protected":false},"author":4,"featured_media":2229,"comment_status":"open","ping_status":"open","sticky":false,"template":"","format":"standard","meta":{"footnotes":""},"categories":[23],"tags":[],"class_list":{"0":"post-2228","1":"post","2":"type-post","3":"status-publish","4":"format-standard","5":"has-post-thumbnail","7":"category-principal"},"_links":{"self":[{"href":"https:\/\/www.diariohiggins.cl\/portal\/wp-json\/wp\/v2\/posts\/2228","targetHints":{"allow":["GET"]}}],"collection":[{"href":"https:\/\/www.diariohiggins.cl\/portal\/wp-json\/wp\/v2\/posts"}],"about":[{"href":"https:\/\/www.diariohiggins.cl\/portal\/wp-json\/wp\/v2\/types\/post"}],"author":[{"embeddable":true,"href":"https:\/\/www.diariohiggins.cl\/portal\/wp-json\/wp\/v2\/users\/4"}],"replies":[{"embeddable":true,"href":"https:\/\/www.diariohiggins.cl\/portal\/wp-json\/wp\/v2\/comments?post=2228"}],"version-history":[{"count":1,"href":"https:\/\/www.diariohiggins.cl\/portal\/wp-json\/wp\/v2\/posts\/2228\/revisions"}],"predecessor-version":[{"id":2230,"href":"https:\/\/www.diariohiggins.cl\/portal\/wp-json\/wp\/v2\/posts\/2228\/revisions\/2230"}],"wp:featuredmedia":[{"embeddable":true,"href":"https:\/\/www.diariohiggins.cl\/portal\/wp-json\/wp\/v2\/media\/2229"}],"wp:attachment":[{"href":"https:\/\/www.diariohiggins.cl\/portal\/wp-json\/wp\/v2\/media?parent=2228"}],"wp:term":[{"taxonomy":"category","embeddable":true,"href":"https:\/\/www.diariohiggins.cl\/portal\/wp-json\/wp\/v2\/categories?post=2228"},{"taxonomy":"post_tag","embeddable":true,"href":"https:\/\/www.diariohiggins.cl\/portal\/wp-json\/wp\/v2\/tags?post=2228"}],"curies":[{"name":"wp","href":"https:\/\/api.w.org\/{rel}","templated":true}]}}