{"id":2219,"date":"2024-11-08T14:07:18","date_gmt":"2024-11-08T14:07:18","guid":{"rendered":"https:\/\/diariohiggins.cl\/portal\/?p=2219"},"modified":"2024-11-08T14:07:22","modified_gmt":"2024-11-08T14:07:22","slug":"en-liceo-neandro-schilling-se-realiza-encuentro-regional-de-innovacion-educativa","status":"publish","type":"post","link":"https:\/\/www.diariohiggins.cl\/portal\/2024\/11\/08\/en-liceo-neandro-schilling-se-realiza-encuentro-regional-de-innovacion-educativa\/","title":{"rendered":"En Liceo Neandro Schilling se realiza Encuentro Regional de Innovaci\u00f3n Educativa"},"content":{"rendered":"\n<ul class=\"wp-block-list\">\n<li>\u00bfSe imaginan aprender matem\u00e1ticas usando una App que simula el videojuego Minecraft?, \u00bfO ganar monedas virtuales mediante trabajo y habilidades colaborativas canjeables por beneficios para los equipos que participen?, \u00bfTal vez organizarse para hacer cultivos comunitarios?<\/li>\n<\/ul>\n\n\n\n<figure class=\"wp-block-image size-large\"><img loading=\"lazy\" decoding=\"async\" width=\"1024\" height=\"355\" src=\"https:\/\/diariohiggins.cl\/portal\/wp-content\/uploads\/2024\/11\/seminario-innovacion-14-1024x355.jpg\" alt=\"\" class=\"wp-image-2220\" srcset=\"https:\/\/www.diariohiggins.cl\/portal\/wp-content\/uploads\/2024\/11\/seminario-innovacion-14-1024x355.jpg 1024w, https:\/\/www.diariohiggins.cl\/portal\/wp-content\/uploads\/2024\/11\/seminario-innovacion-14-300x104.jpg 300w, https:\/\/www.diariohiggins.cl\/portal\/wp-content\/uploads\/2024\/11\/seminario-innovacion-14-768x266.jpg 768w, https:\/\/www.diariohiggins.cl\/portal\/wp-content\/uploads\/2024\/11\/seminario-innovacion-14-1536x532.jpg 1536w, https:\/\/www.diariohiggins.cl\/portal\/wp-content\/uploads\/2024\/11\/seminario-innovacion-14-110x38.jpg 110w, https:\/\/www.diariohiggins.cl\/portal\/wp-content\/uploads\/2024\/11\/seminario-innovacion-14-200x69.jpg 200w, https:\/\/www.diariohiggins.cl\/portal\/wp-content\/uploads\/2024\/11\/seminario-innovacion-14-380x132.jpg 380w, https:\/\/www.diariohiggins.cl\/portal\/wp-content\/uploads\/2024\/11\/seminario-innovacion-14-255x88.jpg 255w, https:\/\/www.diariohiggins.cl\/portal\/wp-content\/uploads\/2024\/11\/seminario-innovacion-14-550x190.jpg 550w, https:\/\/www.diariohiggins.cl\/portal\/wp-content\/uploads\/2024\/11\/seminario-innovacion-14-800x277.jpg 800w, https:\/\/www.diariohiggins.cl\/portal\/wp-content\/uploads\/2024\/11\/seminario-innovacion-14-1160x402.jpg 1160w, https:\/\/www.diariohiggins.cl\/portal\/wp-content\/uploads\/2024\/11\/seminario-innovacion-14.jpg 1600w\" sizes=\"auto, (max-width: 1024px) 100vw, 1024px\" \/><\/figure>\n\n\n\n<p>\u00c9stas y otras novedosas experiencias pedag\u00f3gicas fueron presentadas durante el Encuentro Regional de Pr\u00e1cticas Innovadoras e Inclusivas, actividad organizada por la seremi de Educaci\u00f3n O\u00b4Higgins y el Centro de Innovaci\u00f3n del Ministerio de Educaci\u00f3n.<\/p>\n\n\n\n<p>\u201cEste encuentro se enmarca en la Pol\u00edtica de Reactivaci\u00f3n Educativa y tiene como objetivo fortalecer el aprendizaje integral, promover la convivencia y fomentar el v\u00ednculo de los estudiantes con sus comunidades educativas. En respuesta a estos desaf\u00edos, la Red de Innovaci\u00f3n para la Transformaci\u00f3n Educativa \u2013 RITE &#8211; ha creado espacios de desarrollo profesional colaborativo que impulsan nuevas pr\u00e1cticas en el aula, apoyando el crecimiento de cada comunidad educativa. Esta jornada ser\u00e1 una oportunidad para visibilizar estas pr\u00e1cticas innovadoras, promover el uso de tecnolog\u00edas digitales y fortalecer la ciudadan\u00eda digital en un entorno participativo y abierto\u201d, indic\u00f3 la Seremi de Educaci\u00f3n, Alyson Hadad.<\/p>\n\n\n\n<p>Ante equipos directivos, autoridades, profesoras\/es, educadoras de p\u00e1rvulos, asistentes de la educaci\u00f3n, apoderados y estudiantes de Pedagog\u00eda, escolares y docentes a cargo de los proyectos presentaron algunas de las iniciativas desarrolladas en O\u00b4Higgins en el \u00e1mbito de la innovaci\u00f3n educativa:<\/p>\n\n\n\n<p>\u201cProyecto Digital Matecraft\u201d &#8211; Liceo Bicentenario Oriente, Rengo<\/p>\n\n\n\n<p>\u201cColaboraci\u00f3n: La llave del tesoro empresarial\u201d &#8211;&nbsp; Liceo T\u00e9cnico Bicentenario Felisa Tolup, San Fernando<\/p>\n\n\n\n<p>\u201cCultivos Comunitarios\u201d &#8211; Colegio San Francisco, Machal\u00ed<\/p>\n\n\n\n<p>Paralelamente, durante la jornada se realizaron los talleres pr\u00e1cticos: \u201cInteligencia Artificial para la gesti\u00f3n docente\u201d y \u201cAprendizaje colaborativo basado en retos\u201d; adem\u00e1s de la instalaci\u00f3n de seis rincones de aprendizaje vinculados a la educaci\u00f3n intercultural, desarrollo socioemocional y la integraci\u00f3n de tecnolog\u00edas en el aula:<\/p>\n\n\n\n<p>&#8220;Conectando ciencias y emociones&#8221; Jard\u00edn Infantil Campanita, Rancagua.<\/p>\n\n\n\n<p>&#8220;Educaci\u00f3n intercultural desde la cuna&#8221; Sala Cuna y Jard\u00edn Infantil Ayenhue, Coltauco.<\/p>\n\n\n\n<p>\u201cPrimer Fablab P\u00fablico Liceos T\u00e9cnico Profesional\u201d Instituto Comercial Alberto Valenzuela Llanos, San Fernando.<\/p>\n\n\n\n<p>&#8220;Cambiando Paradigmas&#8221; Escuela Ciruelos, Pichilemu.<\/p>\n\n\n\n<p>\u201cTransitando a la vida adulta\u201d Colegio Juan Tachoire Moena, Machal\u00ed.<\/p>\n\n\n\n<p>&#8220;Somos Astronautas\u201d Jard\u00edn Infantil La Estrellita, La Estrella.<\/p>\n\n\n\n<p>Es importante destacar que, para fortalecer los aprendizajes, es necesario robustecer la acci\u00f3n pedag\u00f3gica de las comunidades educativas para avanzar en los aprendizajes y superar las brechas existentes. El encuentro de hoy se enmarca, precisamente, en impulsar acciones en espacios p\u00fablicos junto a las comunidades educativas y sociedad civil para generar acciones innovadoras que reencanten a nuestras y nuestros estudiantes con la lectura, escritura, matem\u00e1ticas y comunicaci\u00f3n.<\/p>\n\n\n\n<p>Por su parte, el profesional de Proyectos del Centro de Innovaci\u00f3n del MINEDUC, Ociel L\u00f3pez, manifest\u00f3:<\/p>\n\n\n\n<p>\u201cGratamente tras este encuentro, la impresi\u00f3n es que estos proyectos de innovaci\u00f3n tienen un com\u00fan con otros proyectos que hemos visto y que como Ministerio de Educaci\u00f3n impulsamos y que se inspiran a partir de problem\u00e1ticas que son locales y muy cercanas a las comunidades, estudiantes, profesorado y que participan escolares como principales protagonistas; eso es digno de destacar y que destacamos a lo largo de todo el pa\u00eds\u201d.<\/p>\n","protected":false},"excerpt":{"rendered":"\u00c9stas y otras novedosas experiencias pedag\u00f3gicas fueron presentadas durante el Encuentro Regional de Pr\u00e1cticas Innovadoras e Inclusivas, actividad&hellip;\n","protected":false},"author":4,"featured_media":2221,"comment_status":"open","ping_status":"open","sticky":false,"template":"","format":"standard","meta":{"footnotes":""},"categories":[23],"tags":[],"class_list":{"0":"post-2219","1":"post","2":"type-post","3":"status-publish","4":"format-standard","5":"has-post-thumbnail","7":"category-principal"},"_links":{"self":[{"href":"https:\/\/www.diariohiggins.cl\/portal\/wp-json\/wp\/v2\/posts\/2219","targetHints":{"allow":["GET"]}}],"collection":[{"href":"https:\/\/www.diariohiggins.cl\/portal\/wp-json\/wp\/v2\/posts"}],"about":[{"href":"https:\/\/www.diariohiggins.cl\/portal\/wp-json\/wp\/v2\/types\/post"}],"author":[{"embeddable":true,"href":"https:\/\/www.diariohiggins.cl\/portal\/wp-json\/wp\/v2\/users\/4"}],"replies":[{"embeddable":true,"href":"https:\/\/www.diariohiggins.cl\/portal\/wp-json\/wp\/v2\/comments?post=2219"}],"version-history":[{"count":1,"href":"https:\/\/www.diariohiggins.cl\/portal\/wp-json\/wp\/v2\/posts\/2219\/revisions"}],"predecessor-version":[{"id":2222,"href":"https:\/\/www.diariohiggins.cl\/portal\/wp-json\/wp\/v2\/posts\/2219\/revisions\/2222"}],"wp:featuredmedia":[{"embeddable":true,"href":"https:\/\/www.diariohiggins.cl\/portal\/wp-json\/wp\/v2\/media\/2221"}],"wp:attachment":[{"href":"https:\/\/www.diariohiggins.cl\/portal\/wp-json\/wp\/v2\/media?parent=2219"}],"wp:term":[{"taxonomy":"category","embeddable":true,"href":"https:\/\/www.diariohiggins.cl\/portal\/wp-json\/wp\/v2\/categories?post=2219"},{"taxonomy":"post_tag","embeddable":true,"href":"https:\/\/www.diariohiggins.cl\/portal\/wp-json\/wp\/v2\/tags?post=2219"}],"curies":[{"name":"wp","href":"https:\/\/api.w.org\/{rel}","templated":true}]}}