{"id":2204,"date":"2024-10-21T15:22:44","date_gmt":"2024-10-21T15:22:44","guid":{"rendered":"https:\/\/diariohiggins.cl\/portal\/?p=2204"},"modified":"2024-10-21T15:22:46","modified_gmt":"2024-10-21T15:22:46","slug":"jardin-infantil-rural-de-san-ramon-recibe-reconocimiento-oficial-del-mineduc","status":"publish","type":"post","link":"https:\/\/www.diariohiggins.cl\/portal\/2024\/10\/21\/jardin-infantil-rural-de-san-ramon-recibe-reconocimiento-oficial-del-mineduc\/","title":{"rendered":"Jard\u00edn Infantil Rural de San Ram\u00f3n recibe Reconocimiento Oficial del MINEDUC"},"content":{"rendered":"\n<ul class=\"wp-block-list\">\n<li><em>En el marco de la celebraci\u00f3n de los 160 a\u00f1os de la Educaci\u00f3n Parvularia P\u00fablica, autoridades regionales hicieron entrega de la placa que otorga al Reconocimiento Oficial al Jard\u00edn Infantil y Sala Cuna San Ram\u00f3n, ubicado en la localidad del mismo nombre en el sector rural de Rancagua.<\/em><\/li>\n<\/ul>\n\n\n\n<figure class=\"wp-block-image size-large\"><img loading=\"lazy\" decoding=\"async\" width=\"1024\" height=\"922\" src=\"https:\/\/diariohiggins.cl\/portal\/wp-content\/uploads\/2024\/10\/ro-san-ramon-9-1024x922.jpg\" alt=\"\" class=\"wp-image-2205\" srcset=\"https:\/\/www.diariohiggins.cl\/portal\/wp-content\/uploads\/2024\/10\/ro-san-ramon-9-1024x922.jpg 1024w, https:\/\/www.diariohiggins.cl\/portal\/wp-content\/uploads\/2024\/10\/ro-san-ramon-9-300x270.jpg 300w, https:\/\/www.diariohiggins.cl\/portal\/wp-content\/uploads\/2024\/10\/ro-san-ramon-9-768x691.jpg 768w, https:\/\/www.diariohiggins.cl\/portal\/wp-content\/uploads\/2024\/10\/ro-san-ramon-9-1536x1382.jpg 1536w, https:\/\/www.diariohiggins.cl\/portal\/wp-content\/uploads\/2024\/10\/ro-san-ramon-9-110x99.jpg 110w, https:\/\/www.diariohiggins.cl\/portal\/wp-content\/uploads\/2024\/10\/ro-san-ramon-9-200x180.jpg 200w, https:\/\/www.diariohiggins.cl\/portal\/wp-content\/uploads\/2024\/10\/ro-san-ramon-9-380x342.jpg 380w, https:\/\/www.diariohiggins.cl\/portal\/wp-content\/uploads\/2024\/10\/ro-san-ramon-9-255x230.jpg 255w, https:\/\/www.diariohiggins.cl\/portal\/wp-content\/uploads\/2024\/10\/ro-san-ramon-9-550x495.jpg 550w, https:\/\/www.diariohiggins.cl\/portal\/wp-content\/uploads\/2024\/10\/ro-san-ramon-9-800x720.jpg 800w, https:\/\/www.diariohiggins.cl\/portal\/wp-content\/uploads\/2024\/10\/ro-san-ramon-9-1160x1044.jpg 1160w, https:\/\/www.diariohiggins.cl\/portal\/wp-content\/uploads\/2024\/10\/ro-san-ramon-9.jpg 1600w\" sizes=\"auto, (max-width: 1024px) 100vw, 1024px\" \/><\/figure>\n\n\n\n<p>El Reconocimiento Oficial es un acto administrativo a trav\u00e9s del cual, el Ministerio de Educaci\u00f3n habilita un establecimiento de Educaci\u00f3n Parvularia para que funcione legalmente y considera tres aspectos para su otorgamiento: aspectos jur\u00eddicos, de infraestructura y t\u00e9cnico pedag\u00f3gicos. En tal sentido y cumpliendo con cada uno de los puntos exigidos por el MINEDUC, se realiz\u00f3 la entrega de la placa que otorga del Reconocimiento Oficial al Jard\u00edn Infantil y Sala Cuna San Ram\u00f3n, ubicado en el sector rural del mismo nombre en la comuna de Rancagua.<\/p>\n\n\n\n<p>La ceremonia cont\u00f3 con la asistencia del SEREMI de Educaci\u00f3n (s) de la Regi\u00f3n de O\u00b4Higgins, Alexis Ponce; la directora (s) del recinto parvulario, Jeanette Medina; el jefe de la Divisi\u00f3n Educaci\u00f3n de la CORMUN, Jos\u00e9 Antonio D\u00edaz; la coordinadora regional de la Subsecretar\u00eda de Educaci\u00f3n Parvularia, Carla Gonz\u00e1lez; Daniel castro, encargado regional de Certificaciones de la SDEP, educadoras y asistentes de p\u00e1rvulos, representantes de fundos aleda\u00f1os, familias y comunidad del sector.<\/p>\n\n\n\n<p>\u201cEn nombre de nuestra secretaria regional, Alyson Hadad, entrego nuestras m\u00e1s sinceras felicidades a la comunidad del Jard\u00edn Infantil San Ram\u00f3n por este inmenso logro que es obtener el Reconocimiento Oficial otorgado por el Ministerio de Educaci\u00f3n. Como Gobierno del Presidente Gabriel Boric, nuestro foco en Educaci\u00f3n Parvularia es avanzar en la modernizaci\u00f3n de este nivel educativo a trav\u00e9s de un proyecto de ley que ya se encuentra en el Senado; as\u00ed como tambi\u00e9n la Agenda Sala Cuna para Chile que busca que m\u00e1s madres y padres tengan acceso a salas cunas y jardines infantiles certificados\u201d, se\u00f1al\u00f3 el SEREMI de Educaci\u00f3n (s), Alexis Ponce Moraga.<\/p>\n\n\n\n<p>El Jard\u00edn Infantil y Sala Cuna San Ram\u00f3n es administrado v\u00eda transferencia de fondos por la Corporaci\u00f3n Municipal de Rancagua, contando con una matr\u00edcula total de 38 ni\u00f1as y ni\u00f1os, siendo su sello el otorgar educaci\u00f3n de calidad que potencie el desarrollo de habilidades art\u00edsticas en ni\u00f1as y ni\u00f1os, promoviendo \u2013 a su vez \u2013 el cuidado del medioambiente.<\/p>\n\n\n\n<p>Al respecto, el jefe de la Divisi\u00f3n Educaci\u00f3n de la CORMUN, Jos\u00e9 Antonio D\u00edaz, indic\u00f3: \u201cComo Corporaci\u00f3n es un hito recibir este Reconocimiento Oficial debido a que tal como lo establece el ministerio, significa una mejora en la calidad de los aprendizajes y para ello presenta una serie de elementos dentro de la unidad educativa que no solo hablan de infraestructura; sino que tambi\u00e9n nos ocupamos del \u00e1rea t\u00e9cnico pedag\u00f3gica,&nbsp; lo que significa un reconocimiento al trabajo arduo que realizamos para mejorar la educaci\u00f3n p\u00fablica y que nos permite estar en \u00f3ptimas condiciones\u201d.<\/p>\n\n\n\n<p>Tras los nefastos efectos de la pandemia y gracias a los ejes de Asistencia y Revinculaci\u00f3n de la Reactivaci\u00f3n Educativa, la Educaci\u00f3n P\u00fablica Parvularia experiment\u00f3 un incremento de su asistencia durante el primer semestre de 2024 respecto del a\u00f1o anterior, siendo O\u00b4Higgins una de las tres regiones que m\u00e1s aument\u00f3 su asistencia en Educaci\u00f3n Parvularia.<\/p>\n","protected":false},"excerpt":{"rendered":"El Reconocimiento Oficial es un acto administrativo a trav\u00e9s del cual, el Ministerio de Educaci\u00f3n habilita un establecimiento&hellip;\n","protected":false},"author":4,"featured_media":2206,"comment_status":"open","ping_status":"open","sticky":false,"template":"","format":"standard","meta":{"footnotes":""},"categories":[23],"tags":[],"class_list":{"0":"post-2204","1":"post","2":"type-post","3":"status-publish","4":"format-standard","5":"has-post-thumbnail","7":"category-principal"},"_links":{"self":[{"href":"https:\/\/www.diariohiggins.cl\/portal\/wp-json\/wp\/v2\/posts\/2204","targetHints":{"allow":["GET"]}}],"collection":[{"href":"https:\/\/www.diariohiggins.cl\/portal\/wp-json\/wp\/v2\/posts"}],"about":[{"href":"https:\/\/www.diariohiggins.cl\/portal\/wp-json\/wp\/v2\/types\/post"}],"author":[{"embeddable":true,"href":"https:\/\/www.diariohiggins.cl\/portal\/wp-json\/wp\/v2\/users\/4"}],"replies":[{"embeddable":true,"href":"https:\/\/www.diariohiggins.cl\/portal\/wp-json\/wp\/v2\/comments?post=2204"}],"version-history":[{"count":1,"href":"https:\/\/www.diariohiggins.cl\/portal\/wp-json\/wp\/v2\/posts\/2204\/revisions"}],"predecessor-version":[{"id":2207,"href":"https:\/\/www.diariohiggins.cl\/portal\/wp-json\/wp\/v2\/posts\/2204\/revisions\/2207"}],"wp:featuredmedia":[{"embeddable":true,"href":"https:\/\/www.diariohiggins.cl\/portal\/wp-json\/wp\/v2\/media\/2206"}],"wp:attachment":[{"href":"https:\/\/www.diariohiggins.cl\/portal\/wp-json\/wp\/v2\/media?parent=2204"}],"wp:term":[{"taxonomy":"category","embeddable":true,"href":"https:\/\/www.diariohiggins.cl\/portal\/wp-json\/wp\/v2\/categories?post=2204"},{"taxonomy":"post_tag","embeddable":true,"href":"https:\/\/www.diariohiggins.cl\/portal\/wp-json\/wp\/v2\/tags?post=2204"}],"curies":[{"name":"wp","href":"https:\/\/api.w.org\/{rel}","templated":true}]}}