{"id":2083,"date":"2024-07-09T19:14:39","date_gmt":"2024-07-09T19:14:39","guid":{"rendered":"https:\/\/diariohiggins.cl\/portal\/?p=2083"},"modified":"2024-07-09T19:14:41","modified_gmt":"2024-07-09T19:14:41","slug":"cerca-de-200-mil-estudiantes-retornaron-a-clases-en-la-region-de-ohiggins","status":"publish","type":"post","link":"https:\/\/www.diariohiggins.cl\/portal\/2024\/07\/09\/cerca-de-200-mil-estudiantes-retornaron-a-clases-en-la-region-de-ohiggins\/","title":{"rendered":"Cerca de 200 mil estudiantes retornaron a clases en la Regi\u00f3n de O\u00b4Higgins"},"content":{"rendered":"\n<ul class=\"wp-block-list\">\n<li>Este lunes 8 de julio y con la presencia del director del Centro de Innovaci\u00f3n del MINEDUC, Mart\u00edn C\u00e1ceres, junto a autoridades regionales, se realiz\u00f3 la ceremonia por retorno a clases e inicio del segundo semestre en la Plaza de los Poemas del Liceo Bicentenario \u00d3scar Castro de Rancagua.<\/li>\n<\/ul>\n\n\n\n<figure class=\"wp-block-image size-large\"><img loading=\"lazy\" decoding=\"async\" width=\"1024\" height=\"768\" src=\"https:\/\/diariohiggins.cl\/portal\/wp-content\/uploads\/2024\/07\/retorno-clases-8-1024x768.jpg\" alt=\"\" class=\"wp-image-2084\" srcset=\"https:\/\/www.diariohiggins.cl\/portal\/wp-content\/uploads\/2024\/07\/retorno-clases-8-1024x768.jpg 1024w, https:\/\/www.diariohiggins.cl\/portal\/wp-content\/uploads\/2024\/07\/retorno-clases-8-300x225.jpg 300w, https:\/\/www.diariohiggins.cl\/portal\/wp-content\/uploads\/2024\/07\/retorno-clases-8-768x576.jpg 768w, https:\/\/www.diariohiggins.cl\/portal\/wp-content\/uploads\/2024\/07\/retorno-clases-8-1536x1152.jpg 1536w, https:\/\/www.diariohiggins.cl\/portal\/wp-content\/uploads\/2024\/07\/retorno-clases-8-110x83.jpg 110w, https:\/\/www.diariohiggins.cl\/portal\/wp-content\/uploads\/2024\/07\/retorno-clases-8-200x150.jpg 200w, https:\/\/www.diariohiggins.cl\/portal\/wp-content\/uploads\/2024\/07\/retorno-clases-8-380x285.jpg 380w, https:\/\/www.diariohiggins.cl\/portal\/wp-content\/uploads\/2024\/07\/retorno-clases-8-255x191.jpg 255w, https:\/\/www.diariohiggins.cl\/portal\/wp-content\/uploads\/2024\/07\/retorno-clases-8-550x413.jpg 550w, https:\/\/www.diariohiggins.cl\/portal\/wp-content\/uploads\/2024\/07\/retorno-clases-8-800x600.jpg 800w, https:\/\/www.diariohiggins.cl\/portal\/wp-content\/uploads\/2024\/07\/retorno-clases-8-1160x870.jpg 1160w, https:\/\/www.diariohiggins.cl\/portal\/wp-content\/uploads\/2024\/07\/retorno-clases-8.jpg 1600w\" sizes=\"auto, (max-width: 1024px) 100vw, 1024px\" \/><\/figure>\n\n\n\n<p>Con el lema \u201cVolvamos a clases. \u00a1Que nadie falte!\u201d, se dio por iniciado el segundo semestre del a\u00f1o escolar 2024 con el retorno de cerca de 200 mil estudiantes de todos los niveles. Para relevar este regreso, se realiz\u00f3 una ceremonia en dependencias del Liceo Bicentenario \u00d3scar Castro de Rancagua, instancia que cont\u00f3 con la participaci\u00f3n del Director del Centro de Innovaci\u00f3n del MINEDUC, Mart\u00edn C\u00e1ceres; la Seremi de Educaci\u00f3n, Alyson Hadad; el alcalde de Rancagua, Emerson Avenda\u00f1o; el consejero regional, Mauricio Valderrama; la Directora Regional de JUNJI, Marjorie Alzamora; el Secretario General de la CORMUN, Ricardo Bocaz; \u00d3scar Acevedo, Director Regional de la SUPEREDUC; la concejala Valentina C\u00e1ceres; adem\u00e1s de representantes de Integra, Codelco, SENDA, Colegio de Profesores, Centro de Apoderados y Estudiantes e integrantes de la Federaci\u00f3n de Estudiantes Secundarios de O\u2019Higgins.<\/p>\n\n\n\n<p>En la ocasi\u00f3n, la secretaria ministerial, Alyson Hadad, indic\u00f3: \u201cHoy estamos iniciando el segundo semestre del a\u00f1o escolar y como ministerio, &nbsp;volvemos a lanzar nuestra campa\u00f1a \u201cVolvamos a clases\u201d, la cual tiene por objetivo concientizar a las familias, docentes, educadores, equipos directivos, comunidades educativas y a toda la ciudadan\u00eda, sobre la importancia que tiene la asistencia a las escuelas y liceos\u201d, agregando que \u201c nos sentimos alegres ya estamos viendo los primeros frutos de la Reactivaci\u00f3n Educativa, espec\u00edficamente del eje de Asistencia y Revinculaci\u00f3n, pues en nuestra regi\u00f3n de O\u00b4Higgins durante 2024, &nbsp;alcanzamos &nbsp;un porcentaje de asistencia escolar del 90% de acuerdo a lo informado por el Centro de Estudios del MINEDUC (CEM)\u201d, anunci\u00f3 la autoridad.<\/p>\n\n\n\n<p>Por su parte, la directora del emblem\u00e1tico liceo rancag\u00fcino, Marcela Droguett, se\u00f1al\u00f3: \u201cCon el inicio y puesta en marcha de la Ley de Inclusi\u00f3n, se abre el Liceo \u00d3scar Castro a todos aquellos que quieran postular y que, con justo derecho, tienen abiertas nuestras puertas (\u2026) Desde &nbsp;hace unos a\u00f1os tenemos&nbsp; a todo tipo de estudiantes con distintas formas de aprender, distintas realidades, y ya no s\u00f3lo alumnos seleccionados y ese es el gran desaf\u00edo que tiene el liceo: mantener los est\u00e1ndares de calidad y los resultados y ya lo estamos haciendo. &nbsp;El a\u00f1o pasado tuvimos puntajes nacionales nuevamente, un 65% de las y los alumnos que rindieron PAES se encuentran matriculados en las universidades del Consejo de Rectores, de los Institutos Profesionales y Centros de Formaci\u00f3n T\u00e9cnica; por lo tanto, el liceo trabaja con la diversidad y estamos dando resultados\u201d.<\/p>\n\n\n\n<p>A trav\u00e9s de una articulaci\u00f3n entre la SECREDUC, Corporaci\u00f3n Municipal, SENDA, Seguridad P\u00fablica y Codelco, se est\u00e1n realizando una serie de acciones orientadas a fomentar una buena &nbsp;convivencia escolar; entre las que se destacan las visitas pedag\u00f3gicas a Sewell a aquellos cursos que demuestren una mejora tanto en el clima escolar, como en la asistencia.<\/p>\n\n\n\n<p>Entre los avances en materia Educacional, se destac\u00f3 el proyecto de ley sobre Convivencia, Buen Trato y Bienestar de las Comunidades Educativas, el cual promueve una forma de gesti\u00f3n para que las comunidades educativas sean espacios de protecci\u00f3n y bienestar, fomentando acciones integrales y eficientes que ayuden a prevenir y erradicar cualquier tipo de acoso, violencia o discriminaci\u00f3n al interior de establecimientos educacionales.<\/p>\n\n\n\n<p>El director del Centro de Innovaci\u00f3n del MINEDUC, Mart\u00edn C\u00e1ceres, se\u00f1al\u00f3 en sus palabras: \u201cMe alegra mucho estar con ustedes ac\u00e1 en este hito tan importante que comienza en el segundo semestre y por eso quisiera comentarles los avances en algunas materias que estamos trabajando como Ministerio de Educaci\u00f3n. El sentido de este hito es la Asistencia: para que pasen cosas en educaci\u00f3n, lo primero es que los estudiantes est\u00e9n, por eso como ministerio estamos desplegando el Plan de Reactivaci\u00f3n Educativa en el cual uno de sus ejes es la Asistencia. A\u00fan no llegamos a los niveles prepandemia, pero estamos mejorando y faltan esfuerzos que involucran a toda la comunidad educativa. Otro eje relevante es que en las escuelas y liceos se viva una Convivencia adecuada para lo cual se present\u00f3 hace poco un Proyecto de Ley para la mejora de \u00e9sta en el sistema educativo\u201d, concluy\u00f3 el directivo.<\/p>\n\n\n\n<p>Por su parte, el alcalde de Rancagua, Emerson Avenda\u00f1o, manifest\u00f3: \u201cEste ha sido un hermoso inicio de segundo semestre con la Orquesta que ya nos tiene acostumbrados a estas hermosas piezas musicales. &nbsp;Aprovecho de transmitir todo mi cari\u00f1o a los estudiantes, la verdad es que la adolescencia y el liceo son muy hermosas etapas en el desarrollo de las personas, as\u00ed es que no se pierdan la oportunidad de estar en el liceo, acudir a las clases porque seguramente van a tener muy buenos recuerdos al crecimiento que tenga cada uno de ustedes\u201d, se\u00f1al\u00f3 el edil.<\/p>\n\n\n\n<p>Al t\u00e9rmino de la actividad, se hizo entrega de un reconocimiento a un grupo de estudiantes y sus profesores, tras su destacada participaci\u00f3n en el Campeonato de Matem\u00e1ticas realizado en la Universidad de la Frontera y que tuvo como resultado, 1 medalla de oro y 3 de bronces para el equipo del Liceo Bicentenario \u00d3scar Castro de Rancagua.<\/p>\n","protected":false},"excerpt":{"rendered":"Con el lema \u201cVolvamos a clases. \u00a1Que nadie falte!\u201d, se dio por iniciado el segundo semestre del a\u00f1o&hellip;\n","protected":false},"author":4,"featured_media":2085,"comment_status":"open","ping_status":"open","sticky":false,"template":"","format":"standard","meta":{"footnotes":""},"categories":[23],"tags":[],"class_list":{"0":"post-2083","1":"post","2":"type-post","3":"status-publish","4":"format-standard","5":"has-post-thumbnail","7":"category-principal"},"_links":{"self":[{"href":"https:\/\/www.diariohiggins.cl\/portal\/wp-json\/wp\/v2\/posts\/2083","targetHints":{"allow":["GET"]}}],"collection":[{"href":"https:\/\/www.diariohiggins.cl\/portal\/wp-json\/wp\/v2\/posts"}],"about":[{"href":"https:\/\/www.diariohiggins.cl\/portal\/wp-json\/wp\/v2\/types\/post"}],"author":[{"embeddable":true,"href":"https:\/\/www.diariohiggins.cl\/portal\/wp-json\/wp\/v2\/users\/4"}],"replies":[{"embeddable":true,"href":"https:\/\/www.diariohiggins.cl\/portal\/wp-json\/wp\/v2\/comments?post=2083"}],"version-history":[{"count":1,"href":"https:\/\/www.diariohiggins.cl\/portal\/wp-json\/wp\/v2\/posts\/2083\/revisions"}],"predecessor-version":[{"id":2086,"href":"https:\/\/www.diariohiggins.cl\/portal\/wp-json\/wp\/v2\/posts\/2083\/revisions\/2086"}],"wp:featuredmedia":[{"embeddable":true,"href":"https:\/\/www.diariohiggins.cl\/portal\/wp-json\/wp\/v2\/media\/2085"}],"wp:attachment":[{"href":"https:\/\/www.diariohiggins.cl\/portal\/wp-json\/wp\/v2\/media?parent=2083"}],"wp:term":[{"taxonomy":"category","embeddable":true,"href":"https:\/\/www.diariohiggins.cl\/portal\/wp-json\/wp\/v2\/categories?post=2083"},{"taxonomy":"post_tag","embeddable":true,"href":"https:\/\/www.diariohiggins.cl\/portal\/wp-json\/wp\/v2\/tags?post=2083"}],"curies":[{"name":"wp","href":"https:\/\/api.w.org\/{rel}","templated":true}]}}