{"id":2078,"date":"2024-06-28T11:11:25","date_gmt":"2024-06-28T11:11:25","guid":{"rendered":"https:\/\/diariohiggins.cl\/portal\/?p=2078"},"modified":"2024-06-28T11:11:27","modified_gmt":"2024-06-28T11:11:27","slug":"ministro-de-educacion-y-directora-de-junaeb-participan-en-activate-en-vacaciones-junto-a-mas-de-50-ninas-y-ninos-de-requinoa","status":"publish","type":"post","link":"https:\/\/www.diariohiggins.cl\/portal\/2024\/06\/28\/ministro-de-educacion-y-directora-de-junaeb-participan-en-activate-en-vacaciones-junto-a-mas-de-50-ninas-y-ninos-de-requinoa\/","title":{"rendered":"Ministro de Educaci\u00f3n y directora de Junaeb participan en \u201cAct\u00edvate en Vacaciones\u201d junto a m\u00e1s de 50 ni\u00f1as y ni\u00f1os de Requ\u00ednoa"},"content":{"rendered":"\n<ul class=\"wp-block-list\">\n<li><strong><em>Las autoridades destacaron la cobertura territorial de este programa, conformado por 34 proyectos que se est\u00e1n ejecutando en 11 regiones del pa\u00eds, y que permitir\u00e1n a las y los estudiantes de las m\u00e1s diversas comunas, entre Putre y Puerto Cisnes, contar con actividades educativas, recreativas y sociales durante el receso escolar de invierno.\u00a0<\/em><\/strong><\/li>\n<\/ul>\n\n\n\n<figure class=\"wp-block-image size-large\"><img loading=\"lazy\" decoding=\"async\" width=\"1024\" height=\"682\" src=\"https:\/\/diariohiggins.cl\/portal\/wp-content\/uploads\/2024\/06\/activate-ninos-bailando-basica-1-1024x682.jpeg\" alt=\"\" class=\"wp-image-2079\" srcset=\"https:\/\/www.diariohiggins.cl\/portal\/wp-content\/uploads\/2024\/06\/activate-ninos-bailando-basica-1-1024x682.jpeg 1024w, https:\/\/www.diariohiggins.cl\/portal\/wp-content\/uploads\/2024\/06\/activate-ninos-bailando-basica-1-300x200.jpeg 300w, https:\/\/www.diariohiggins.cl\/portal\/wp-content\/uploads\/2024\/06\/activate-ninos-bailando-basica-1-768x512.jpeg 768w, https:\/\/www.diariohiggins.cl\/portal\/wp-content\/uploads\/2024\/06\/activate-ninos-bailando-basica-1-1536x1024.jpeg 1536w, https:\/\/www.diariohiggins.cl\/portal\/wp-content\/uploads\/2024\/06\/activate-ninos-bailando-basica-1-2048x1365.jpeg 2048w, https:\/\/www.diariohiggins.cl\/portal\/wp-content\/uploads\/2024\/06\/activate-ninos-bailando-basica-1-110x73.jpeg 110w, https:\/\/www.diariohiggins.cl\/portal\/wp-content\/uploads\/2024\/06\/activate-ninos-bailando-basica-1-200x133.jpeg 200w, https:\/\/www.diariohiggins.cl\/portal\/wp-content\/uploads\/2024\/06\/activate-ninos-bailando-basica-1-380x253.jpeg 380w, https:\/\/www.diariohiggins.cl\/portal\/wp-content\/uploads\/2024\/06\/activate-ninos-bailando-basica-1-255x170.jpeg 255w, https:\/\/www.diariohiggins.cl\/portal\/wp-content\/uploads\/2024\/06\/activate-ninos-bailando-basica-1-550x367.jpeg 550w, https:\/\/www.diariohiggins.cl\/portal\/wp-content\/uploads\/2024\/06\/activate-ninos-bailando-basica-1-800x533.jpeg 800w, https:\/\/www.diariohiggins.cl\/portal\/wp-content\/uploads\/2024\/06\/activate-ninos-bailando-basica-1-1160x773.jpeg 1160w, https:\/\/www.diariohiggins.cl\/portal\/wp-content\/uploads\/2024\/06\/activate-ninos-bailando-basica-1-scaled.jpeg 2560w\" sizes=\"auto, (max-width: 1024px) 100vw, 1024px\" \/><\/figure>\n\n\n\n<p>Este jueves el ministro de Educaci\u00f3n, Nicol\u00e1s Cataldo, la directora nacional de la Junta Nacional de Auxilio Escolar y Becas, Camila Rubio, y la seremi de Educaci\u00f3n de la regi\u00f3n de O\u00b4Higgins, Alyson Hadad, visitaron la iniciativa \u201cAct\u00edvate en Vacaciones\u201d en su versi\u00f3n de invierno, que se desarrolla en el Liceo Polivalente de Requ\u00ednoa y buscar\u00e1 entretener a m\u00e1s de 100 ni\u00f1os en ese establecimiento y a 225 en todo el territorio.&nbsp;<\/p>\n\n\n\n<p>La iniciativa, que forma parte del Plan Integral para el Bienestar de Ni\u00f1os, Ni\u00f1as y Adolescentes: Chile Crece M\u00e1s, presentado por el Presidente Gabriel Boric en su Cuenta P\u00fablica 2023, se desarrollar\u00e1 durante el receso escolar de invierno en establecimientos educativos de todo el pa\u00eds. Espec\u00edficamente en Requ\u00ednoa, las actividades estar\u00e1n disponibles para las y los estudiantes hasta el viernes 5 de julio, ofreciendo espacios seguros para la recreaci\u00f3n, el aprendizaje y la convivencia.&nbsp;<\/p>\n\n\n\n<p>El ministro de Educaci\u00f3n, Nicol\u00e1s Cataldo, se\u00f1al\u00f3 que la actividad \u201cest\u00e1 orientada a la alimentaci\u00f3n saludable, al trabajo con el medio ambiente, a la actividad f\u00edsica y las manualidades\u201d. Precis\u00f3 que por primera vez se realiza durante el receso de invierno y que corresponde a una colaboraci\u00f3n intersectorial, que \u201cen el caso de la regi\u00f3n de O\u00b4Higgins podemos encontrarnos en tres comunas: Navidad, Requ\u00ednoa y Graneros, al que pueden acceder ni\u00f1os de otros establecimientos y localidades, y tambi\u00e9n de la educaci\u00f3n particular\u201d.<\/p>\n\n\n\n<p>El ministro Cataldo a\u00f1adi\u00f3 que este programa no solamente est\u00e1 orientado para el esparcimiento, \u201csino que tambi\u00e9n tiene como prop\u00f3sito que las familias que tienen dificultades con las tareas de cuidado puedan disponer de estos espacios para que los hijos puedan estar cuidados y alimentados, con la seguridad de que est\u00e1n en buenas manos\u201d. En ese sentido, invit\u00f3 a revisar el sitio web <a href=\"http:\/\/www.junaeb.cl\">www.junaeb.cl<\/a>, porque a\u00fan quedan cupos para participar en algunos establecimientos.&nbsp;<\/p>\n\n\n\n<p>La directora nacional de Junaeb, Camila Rubio, indic\u00f3 que el programa es cofinanciado por el Ministerio de Desarrollo Social y Familia, a trav\u00e9s de la Subsecretar\u00eda de la Ni\u00f1ez y en esta versi\u00f3n invernal est\u00e1n participando m\u00e1s de 4 mil ni\u00f1os y ni\u00f1as a nivel nacional. &#8220;Nuestro objetivo es que los ni\u00f1os y ni\u00f1as puedan aprender haciendo; las escuelas son espacios de cuidado y protecci\u00f3n, y tambi\u00e9n entregamos el servicio de alimentaci\u00f3n para cubrir todas las necesidades que tienen los estudiantes\u201d, destac\u00f3.<\/p>\n\n\n\n<p>Durante la jornada, ni\u00f1as y ni\u00f1os de Requ\u00ednoa participaron en los talleres, donde compartieron sus experiencias y expresaron su entusiasmo por las actividades planificadas. Las autoridades se sumaron activamente, mostrando el compromiso del Gobierno por generar m\u00e1s y mejores espacios para la educaci\u00f3n, la recreaci\u00f3n y la entretenci\u00f3n en un ambiente seguro, que permita fortalecer el bienestar integral de ni\u00f1as, ni\u00f1os y j\u00f3venes.<\/p>\n\n\n\n<p>En la comuna de Requ\u00ednoa, podr\u00e1n participar de las actividades ni\u00f1as y ni\u00f1os de pre-kinder a 8vo b\u00e1sico (4 a 14 a\u00f1os), con actividades como talleres deportivos, talleres de baile entretenido, folklore y yoga; talleres de arte entretenido a trav\u00e9s del reciclaje, talleres de pintura, juegos de mesa y cocina entretenida, cine m\u00e1gico (salida al Teatro Municipal), caminata en cerro, pausa interactiva de los derechos de ni\u00f1os.<\/p>\n\n\n\n<p>El programa ofrece 34 proyectos en 11 regiones del pa\u00eds, y todos contar\u00e1n con una amplia gama de actividades, como talleres deportivos, culturales, art\u00edsticos y de desarrollo personal.&nbsp;<\/p>\n","protected":false},"excerpt":{"rendered":"Este jueves el ministro de Educaci\u00f3n, Nicol\u00e1s Cataldo, la directora nacional de la Junta Nacional de Auxilio Escolar&hellip;\n","protected":false},"author":4,"featured_media":2080,"comment_status":"open","ping_status":"open","sticky":false,"template":"","format":"standard","meta":{"footnotes":""},"categories":[23],"tags":[],"class_list":{"0":"post-2078","1":"post","2":"type-post","3":"status-publish","4":"format-standard","5":"has-post-thumbnail","7":"category-principal"},"_links":{"self":[{"href":"https:\/\/www.diariohiggins.cl\/portal\/wp-json\/wp\/v2\/posts\/2078","targetHints":{"allow":["GET"]}}],"collection":[{"href":"https:\/\/www.diariohiggins.cl\/portal\/wp-json\/wp\/v2\/posts"}],"about":[{"href":"https:\/\/www.diariohiggins.cl\/portal\/wp-json\/wp\/v2\/types\/post"}],"author":[{"embeddable":true,"href":"https:\/\/www.diariohiggins.cl\/portal\/wp-json\/wp\/v2\/users\/4"}],"replies":[{"embeddable":true,"href":"https:\/\/www.diariohiggins.cl\/portal\/wp-json\/wp\/v2\/comments?post=2078"}],"version-history":[{"count":1,"href":"https:\/\/www.diariohiggins.cl\/portal\/wp-json\/wp\/v2\/posts\/2078\/revisions"}],"predecessor-version":[{"id":2081,"href":"https:\/\/www.diariohiggins.cl\/portal\/wp-json\/wp\/v2\/posts\/2078\/revisions\/2081"}],"wp:featuredmedia":[{"embeddable":true,"href":"https:\/\/www.diariohiggins.cl\/portal\/wp-json\/wp\/v2\/media\/2080"}],"wp:attachment":[{"href":"https:\/\/www.diariohiggins.cl\/portal\/wp-json\/wp\/v2\/media?parent=2078"}],"wp:term":[{"taxonomy":"category","embeddable":true,"href":"https:\/\/www.diariohiggins.cl\/portal\/wp-json\/wp\/v2\/categories?post=2078"},{"taxonomy":"post_tag","embeddable":true,"href":"https:\/\/www.diariohiggins.cl\/portal\/wp-json\/wp\/v2\/tags?post=2078"}],"curies":[{"name":"wp","href":"https:\/\/api.w.org\/{rel}","templated":true}]}}