{"id":2044,"date":"2024-05-26T01:18:18","date_gmt":"2024-05-26T01:18:18","guid":{"rendered":"https:\/\/diariohiggins.cl\/portal\/?p=2044"},"modified":"2024-05-26T13:51:29","modified_gmt":"2024-05-26T13:51:29","slug":"camaras-seguimientos-y-una-coincidencia-como-la-fiscalia-y-la-pdi-lograron-dar-con-los-autores-del-megaincendio-en-valparaiso","status":"publish","type":"post","link":"https:\/\/www.diariohiggins.cl\/portal\/2024\/05\/26\/camaras-seguimientos-y-una-coincidencia-como-la-fiscalia-y-la-pdi-lograron-dar-con-los-autores-del-megaincendio-en-valparaiso\/","title":{"rendered":"C\u00e1maras, seguimientos y una coincidencia: c\u00f3mo la Fiscal\u00eda y la PDI lograron dar con los autores del megaincendio en Valpara\u00edso"},"content":{"rendered":"\n<p>Por cuatro meses la PDI y el Ministerio P\u00fablico realizaron variadas diligencias, las cuales incluyeron seguimientos, an\u00e1lisis en los lugares del incendio, revisi\u00f3n de c\u00e1maras y de antenas. Pero durante este proceso, los investigadores tambi\u00e9n detectaron uno de los cigarros que el voluntario de Bomberos utilizaba para iniciar el fuego que no se quem\u00f3 y que dio luces de c\u00f3mo inici\u00f3 el megaincendio.<\/p>\n\n\n\n<p>Apenas se decret\u00f3 la emergencia de aquel 2 de febrero, funcionarios de la PDI -por orden de la Fiscal\u00eda- llegaron hasta los lugares desde donde habr\u00edan iniciado las emergencias. En la ruta F-718 se pudo establecer -seg\u00fan los antecedentes que tambi\u00e9n fueron expuestos en la formalizaci\u00f3n- que hubo cuatro focos de incendios, todos separados por metros. Las Taguas, Antena de Melosilla, La Isla y Las Tablas, eran los sectores.<\/p>\n\n\n\n<p>De estos cuatro focos, los cuales estaban al costado de la ruta, dos de ellos se apagaron a los pocos metros de haberse iniciados, sin embargo, los focos 3 y 4 son los que finalmente provocaron la gran emergencia. <strong>Pese a aquello, funcionarios de la Bidema encontraron en el n\u00famero tres una de las pruebas fundamentales.<\/strong><\/p>\n\n\n\n<p>Seg\u00fan da cuenta un informe de la PDI, <strong>\u201cmientras se realizaba el recorrido del \u00e1rea afectada, sobre el suelo, entre el pasto y las hojarascas, fue posible identificar la presencia de un dispositivo, el que presenta una preparaci\u00f3n en su elaboraci\u00f3n\u201d.<\/strong> Se trataba de una colilla de cigarrillo rodeado por f\u00f3sforos, los cuales estaban amarrados por un hilo. Este se trata, precisamente, del mismo elemento que meses m\u00e1s tarde ser\u00eda encontrado en la casa de Mondaca, la tarde de este viernes cuando fue detenido.<\/p>\n\n\n\n<p>Este \u201cdispositivo\u201d, y a diferencia de lo que habr\u00eda pasado en los otros focos, no se quem\u00f3 por completo, sino que estaba m\u00e1s bien carbonizado, \u201cel fuego no pas\u00f3 sobre este, sino que avanz\u00f3 seg\u00fan la disponibilidad de combustible\u201d, sostiene el informe.<\/p>\n\n\n\n<figure class=\"wp-block-image\"><img decoding=\"async\" src=\"https:\/\/www.latercera.com\/resizer\/vDgi23UEuczCOZTY7ragsTQgQlY=\/800x0\/smart\/cloudfront-us-east-1.images.arcpublishing.com\/copesa\/DTXKHXYBX5ABVOFU3PSL7J5CEU.jpg\" alt=\"\"\/><figcaption class=\"wp-element-caption\">Mismo dispositivo encontrados en la casa del bombero.<\/figcaption><\/figure>\n\n\n\n<p>Esta fundamental prueba despu\u00e9s ser\u00eda clave, ya que siguiendo el m\u00e9todo de su elaboraci\u00f3n, <strong>la PDI realiz\u00f3 pruebas para detectar c\u00f3mo funcionaba y el da\u00f1o que produc\u00eda, lo cual fue expuesto en la audiencia.<\/strong> Adem\u00e1s, y pese a que se analiz\u00f3, no se pudo obtener ADN del cigarro.<\/p>\n\n\n\n<h2 id=\"dos-autos-de-interes\" class=\"wp-block-heading\">Dos autos de inter\u00e9s<\/h2>\n\n\n\n<p>Tras revisar los lugares del siniestro, los investigadores dieron paso a otras diligencias. Junto con recoger decenas de testimonios de los vecinos del sector de Casa Blanca, tambi\u00e9n revisaron las im\u00e1genes de las c\u00e1maras de esa zona. As\u00ed, y tras horas de an\u00e1lisis, pudieron detectar un listado de autos, de los cuales llegaron a \u201cdos veh\u00edculos de inter\u00e9s\u201d,<strong> uno de marca Fiat, color gris, y un Suzuki S-Presso color blanco.<\/strong><\/p>\n","protected":false},"excerpt":{"rendered":"Por cuatro meses la PDI y el Ministerio P\u00fablico realizaron variadas diligencias, las cuales incluyeron seguimientos, an\u00e1lisis en&hellip;\n","protected":false},"author":4,"featured_media":2045,"comment_status":"open","ping_status":"open","sticky":false,"template":"","format":"standard","meta":{"footnotes":""},"categories":[10,18,12,15,9,23,11],"tags":[],"class_list":{"0":"post-2044","1":"post","2":"type-post","3":"status-publish","4":"format-standard","5":"has-post-thumbnail","7":"category-comunal","8":"category-cultura","9":"category-nacional","10":"category-policial","11":"category-portada","12":"category-principal","13":"category-regional"},"_links":{"self":[{"href":"https:\/\/www.diariohiggins.cl\/portal\/wp-json\/wp\/v2\/posts\/2044","targetHints":{"allow":["GET"]}}],"collection":[{"href":"https:\/\/www.diariohiggins.cl\/portal\/wp-json\/wp\/v2\/posts"}],"about":[{"href":"https:\/\/www.diariohiggins.cl\/portal\/wp-json\/wp\/v2\/types\/post"}],"author":[{"embeddable":true,"href":"https:\/\/www.diariohiggins.cl\/portal\/wp-json\/wp\/v2\/users\/4"}],"replies":[{"embeddable":true,"href":"https:\/\/www.diariohiggins.cl\/portal\/wp-json\/wp\/v2\/comments?post=2044"}],"version-history":[{"count":1,"href":"https:\/\/www.diariohiggins.cl\/portal\/wp-json\/wp\/v2\/posts\/2044\/revisions"}],"predecessor-version":[{"id":2046,"href":"https:\/\/www.diariohiggins.cl\/portal\/wp-json\/wp\/v2\/posts\/2044\/revisions\/2046"}],"wp:featuredmedia":[{"embeddable":true,"href":"https:\/\/www.diariohiggins.cl\/portal\/wp-json\/wp\/v2\/media\/2045"}],"wp:attachment":[{"href":"https:\/\/www.diariohiggins.cl\/portal\/wp-json\/wp\/v2\/media?parent=2044"}],"wp:term":[{"taxonomy":"category","embeddable":true,"href":"https:\/\/www.diariohiggins.cl\/portal\/wp-json\/wp\/v2\/categories?post=2044"},{"taxonomy":"post_tag","embeddable":true,"href":"https:\/\/www.diariohiggins.cl\/portal\/wp-json\/wp\/v2\/tags?post=2044"}],"curies":[{"name":"wp","href":"https:\/\/api.w.org\/{rel}","templated":true}]}}