{"id":2000,"date":"2024-04-10T11:45:54","date_gmt":"2024-04-10T11:45:54","guid":{"rendered":"https:\/\/diariohiggins.cl\/portal\/?p=2000"},"modified":"2024-04-14T19:29:48","modified_gmt":"2024-04-14T19:29:48","slug":"ministro-de-educacion-visito-las-instalaciones-del-jardin-infantil-ayenhue-de-coltauco","status":"publish","type":"post","link":"https:\/\/www.diariohiggins.cl\/portal\/2024\/04\/10\/ministro-de-educacion-visito-las-instalaciones-del-jardin-infantil-ayenhue-de-coltauco\/","title":{"rendered":"MINISTRO DE EDUCACI\u00d3N VISIT\u00d3 LAS INSTALACIONES DEL JARD\u00cdN INFANTIL \u201cAYENHUE\u201d DE COLTAUCO."},"content":{"rendered":"\n<p><em>Autoridades nacionales y regionales recorrieron los espacios modulares de la unidad educativa y compartieron con la comunidad que sufri\u00f3 los efectos de las inundaciones registradas el pasado invierno.&nbsp;<\/em><\/p>\n\n\n\n<figure class=\"wp-block-image size-large\"><img loading=\"lazy\" decoding=\"async\" width=\"1024\" height=\"683\" src=\"https:\/\/diariohiggins.cl\/portal\/wp-content\/uploads\/2024\/04\/visita-ministro-ayenhue-1-1024x683.jpg\" alt=\"\" class=\"wp-image-2001\" srcset=\"https:\/\/www.diariohiggins.cl\/portal\/wp-content\/uploads\/2024\/04\/visita-ministro-ayenhue-1-1024x683.jpg 1024w, https:\/\/www.diariohiggins.cl\/portal\/wp-content\/uploads\/2024\/04\/visita-ministro-ayenhue-1-300x200.jpg 300w, https:\/\/www.diariohiggins.cl\/portal\/wp-content\/uploads\/2024\/04\/visita-ministro-ayenhue-1-768x512.jpg 768w, https:\/\/www.diariohiggins.cl\/portal\/wp-content\/uploads\/2024\/04\/visita-ministro-ayenhue-1-1536x1024.jpg 1536w, https:\/\/www.diariohiggins.cl\/portal\/wp-content\/uploads\/2024\/04\/visita-ministro-ayenhue-1-2048x1365.jpg 2048w, https:\/\/www.diariohiggins.cl\/portal\/wp-content\/uploads\/2024\/04\/visita-ministro-ayenhue-1-110x73.jpg 110w, https:\/\/www.diariohiggins.cl\/portal\/wp-content\/uploads\/2024\/04\/visita-ministro-ayenhue-1-200x133.jpg 200w, https:\/\/www.diariohiggins.cl\/portal\/wp-content\/uploads\/2024\/04\/visita-ministro-ayenhue-1-380x253.jpg 380w, https:\/\/www.diariohiggins.cl\/portal\/wp-content\/uploads\/2024\/04\/visita-ministro-ayenhue-1-255x170.jpg 255w, https:\/\/www.diariohiggins.cl\/portal\/wp-content\/uploads\/2024\/04\/visita-ministro-ayenhue-1-550x367.jpg 550w, https:\/\/www.diariohiggins.cl\/portal\/wp-content\/uploads\/2024\/04\/visita-ministro-ayenhue-1-800x533.jpg 800w, https:\/\/www.diariohiggins.cl\/portal\/wp-content\/uploads\/2024\/04\/visita-ministro-ayenhue-1-1160x773.jpg 1160w, https:\/\/www.diariohiggins.cl\/portal\/wp-content\/uploads\/2024\/04\/visita-ministro-ayenhue-1-scaled.jpg 2560w\" sizes=\"auto, (max-width: 1024px) 100vw, 1024px\" \/><\/figure>\n\n\n\n<p>Tras una extensa jornada de terreno, que incluy\u00f3 el Inicio del A\u00f1o Acad\u00e9mico en la Universidad O\u2019Higgins, el ministro de Educaci\u00f3n, Nicol\u00e1s Cataldo, finaliz\u00f3 su agenda en la regi\u00f3n con la visita al jard\u00edn infantil \u201cAyenhue\u201d de la comuna de Coltauco. En la instancia, adem\u00e1s, lo acompa\u00f1aban la <strong>subsecretaria de Educaci\u00f3n Parvularia, Claudia Lagos<\/strong> y la <strong>vicepresidenta ejecutiva de JUNJI, Daniela Trivi\u00f1o<\/strong>; el <strong>delegado Presidencial, Fabio L\u00f3pez<\/strong>, la <strong>seremi de Educaci\u00f3n, Alyson Hadad<\/strong>, la <strong>directora regional de JUNJI O\u2019Higgins Marjorie Alzamora<\/strong>, <strong>alcalde de la comuna F\u00e9lix S\u00e1nchez, <\/strong>Desaf\u00edo Levantemos Chile, Fundaci\u00f3n Integra, autoridades regionales y familias.<\/p>\n\n\n\n<p>Es importante recordar que \u201cAyenhue\u201d fue el \u00fanico establecimiento educacional que sufri\u00f3 la p\u00e9rdida total de su infraestructura, tras las intensas lluvias registradas en la zona durante junio de 2023. Sin embargo, gracias al trabajo colaborativo entre JUNJI, el Municipio de Coltauco, Desaf\u00edo Levantemos Chile y Fundaci\u00f3n Luksic, el 20 de marzo de este a\u00f1o inici\u00f3 sus actividades con ni\u00f1as y ni\u00f1os en nuevos espacios modulares preparados para recibir a los p\u00e1rvulos y continuar entregando bienestar integral y educaci\u00f3n parvularia p\u00fablica de calidad.<\/p>\n\n\n\n<p>En esa l\u00ednea, el ministro Cataldo destac\u00f3 las instalaciones y el trabajo que permiti\u00f3 que hoy \u201cAyenhue\u201d est\u00e9 en funcionamiento. <em>\u201cEste ha sido un trabajo coordinado, que nos ha permitido hoy estar ac\u00e1. La colaboraci\u00f3n entre lo p\u00fablico y privado es lo que queremos reforzar.&nbsp; Hoy no solo podemos decir que tenemos un jard\u00edn infantil, sino que tenemos un jard\u00edn infantil en las mejores condiciones\u201d,<\/em> subray\u00f3 la autoridad.<\/p>\n\n\n\n<p>La subsecretaria Claudia Lagos, en tanto, se\u00f1al\u00f3 que \u201c<em>estoy muy contenta de venir nuevamente a este lugar y constatar este logro al ver a los ni\u00f1os, ni\u00f1as, equipos educativos y familias disfrutando de estos espacios, gracias al trabajo de todos quienes hoy nos acompa\u00f1an\u201d.<\/em><\/p>\n\n\n\n<p>Por su parte, la seremiAlyson Hadad coment\u00f3 que <em>\u201ceste ha sido un trabajo de meses y hoy los equipos educativos le dan vida a este espacio que se consolida como una soluci\u00f3n de primer nivel, que, si bien sabemos que es provisoria, es de primer nivel.&nbsp; Agradecemos a las familias que hoy nos acompa\u00f1an y a los ni\u00f1os y ni\u00f1as que nos llenan de alegr\u00eda, al verlos ac\u00e1, toma sentido lo que se ha hecho\u201d.<\/em><\/p>\n\n\n\n<p>Finalmente, la vicepresidenta ejecutiva de JUNJI, Daniela Trivi\u00f1o, manifest\u00f3 que <em>\u201ces una excelente noticia para la comunidad de Coltauco que podamos reaperturar el jard\u00edn \u201cAyenhue\u201d. Sin duda, recibir a m\u00e1s de 50 familias, ni\u00f1os y ni\u00f1as aseguran que garanticemos educaci\u00f3n parvularia de calidad, eso es lo que estamos haciendo desde la JUNJI.\u00a0 Hicimos un trabajo intersectorial muy relevante,donde, colaboramos para lograr lo que vemos hoy y ya estamos trabajando para que avanzar con el proyecto de infraestructura definitiva\u201d.<\/em><\/p>\n\n\n\n<figure class=\"wp-block-image size-large\"><img loading=\"lazy\" decoding=\"async\" width=\"1024\" height=\"683\" src=\"https:\/\/diariohiggins.cl\/portal\/wp-content\/uploads\/2024\/04\/visita-ayenhue-2-1024x683.jpg\" alt=\"\" class=\"wp-image-2002\" srcset=\"https:\/\/www.diariohiggins.cl\/portal\/wp-content\/uploads\/2024\/04\/visita-ayenhue-2-1024x683.jpg 1024w, https:\/\/www.diariohiggins.cl\/portal\/wp-content\/uploads\/2024\/04\/visita-ayenhue-2-300x200.jpg 300w, https:\/\/www.diariohiggins.cl\/portal\/wp-content\/uploads\/2024\/04\/visita-ayenhue-2-768x512.jpg 768w, https:\/\/www.diariohiggins.cl\/portal\/wp-content\/uploads\/2024\/04\/visita-ayenhue-2-1536x1024.jpg 1536w, https:\/\/www.diariohiggins.cl\/portal\/wp-content\/uploads\/2024\/04\/visita-ayenhue-2-2048x1365.jpg 2048w, https:\/\/www.diariohiggins.cl\/portal\/wp-content\/uploads\/2024\/04\/visita-ayenhue-2-110x73.jpg 110w, https:\/\/www.diariohiggins.cl\/portal\/wp-content\/uploads\/2024\/04\/visita-ayenhue-2-200x133.jpg 200w, https:\/\/www.diariohiggins.cl\/portal\/wp-content\/uploads\/2024\/04\/visita-ayenhue-2-380x253.jpg 380w, https:\/\/www.diariohiggins.cl\/portal\/wp-content\/uploads\/2024\/04\/visita-ayenhue-2-255x170.jpg 255w, https:\/\/www.diariohiggins.cl\/portal\/wp-content\/uploads\/2024\/04\/visita-ayenhue-2-550x367.jpg 550w, https:\/\/www.diariohiggins.cl\/portal\/wp-content\/uploads\/2024\/04\/visita-ayenhue-2-800x533.jpg 800w, https:\/\/www.diariohiggins.cl\/portal\/wp-content\/uploads\/2024\/04\/visita-ayenhue-2-1160x773.jpg 1160w, https:\/\/www.diariohiggins.cl\/portal\/wp-content\/uploads\/2024\/04\/visita-ayenhue-2-scaled.jpg 2560w\" sizes=\"auto, (max-width: 1024px) 100vw, 1024px\" \/><\/figure>\n","protected":false},"excerpt":{"rendered":"Autoridades nacionales y regionales recorrieron los espacios modulares de la unidad educativa y compartieron con la comunidad que&hellip;\n","protected":false},"author":4,"featured_media":2003,"comment_status":"open","ping_status":"open","sticky":false,"template":"","format":"standard","meta":{"footnotes":""},"categories":[23],"tags":[],"class_list":{"0":"post-2000","1":"post","2":"type-post","3":"status-publish","4":"format-standard","5":"has-post-thumbnail","7":"category-principal"},"_links":{"self":[{"href":"https:\/\/www.diariohiggins.cl\/portal\/wp-json\/wp\/v2\/posts\/2000","targetHints":{"allow":["GET"]}}],"collection":[{"href":"https:\/\/www.diariohiggins.cl\/portal\/wp-json\/wp\/v2\/posts"}],"about":[{"href":"https:\/\/www.diariohiggins.cl\/portal\/wp-json\/wp\/v2\/types\/post"}],"author":[{"embeddable":true,"href":"https:\/\/www.diariohiggins.cl\/portal\/wp-json\/wp\/v2\/users\/4"}],"replies":[{"embeddable":true,"href":"https:\/\/www.diariohiggins.cl\/portal\/wp-json\/wp\/v2\/comments?post=2000"}],"version-history":[{"count":1,"href":"https:\/\/www.diariohiggins.cl\/portal\/wp-json\/wp\/v2\/posts\/2000\/revisions"}],"predecessor-version":[{"id":2004,"href":"https:\/\/www.diariohiggins.cl\/portal\/wp-json\/wp\/v2\/posts\/2000\/revisions\/2004"}],"wp:featuredmedia":[{"embeddable":true,"href":"https:\/\/www.diariohiggins.cl\/portal\/wp-json\/wp\/v2\/media\/2003"}],"wp:attachment":[{"href":"https:\/\/www.diariohiggins.cl\/portal\/wp-json\/wp\/v2\/media?parent=2000"}],"wp:term":[{"taxonomy":"category","embeddable":true,"href":"https:\/\/www.diariohiggins.cl\/portal\/wp-json\/wp\/v2\/categories?post=2000"},{"taxonomy":"post_tag","embeddable":true,"href":"https:\/\/www.diariohiggins.cl\/portal\/wp-json\/wp\/v2\/tags?post=2000"}],"curies":[{"name":"wp","href":"https:\/\/api.w.org\/{rel}","templated":true}]}}