{"id":1993,"date":"2024-04-03T01:29:20","date_gmt":"2024-04-03T01:29:20","guid":{"rendered":"https:\/\/diariohiggins.cl\/portal\/?p=1993"},"modified":"2024-04-03T01:32:40","modified_gmt":"2024-04-03T01:32:40","slug":"paulina-delgado-asume-el-cargo-de-jueza-titular-del-juzgado-de-garantia-de-rengo-mediante-juramento","status":"publish","type":"post","link":"https:\/\/www.diariohiggins.cl\/portal\/2024\/04\/03\/paulina-delgado-asume-el-cargo-de-jueza-titular-del-juzgado-de-garantia-de-rengo-mediante-juramento\/","title":{"rendered":"Paulina Delgado asume el cargo de jueza titular del Juzgado de Garant\u00eda de Rengo mediante juramento."},"content":{"rendered":"\n<p>El ministro Ricardo Pairic\u00e1n Garc\u00eda, presidente de la Corte de Apelaciones de Rancagua, ha presidido la ceremonia de juramento en la que Paulina Delgado Barriga ha asumido el cargo de jueza titular del Juzgado de Garant\u00eda de Rengo.<\/p>\n\n\n\n<p>Paulina Delgado expres\u00f3 su gran satisfacci\u00f3n por este nuevo desaf\u00edo profesional, destacando su experiencia previa en el \u00e1mbito penal dentro del Poder Judicial. &#8220;Es un desaf\u00edo profesional que voy a enfrentar con mis conocimientos y muchas ganas&#8221;, afirm\u00f3 la magistrada.<\/p>\n\n\n\n<p>La jueza, quien anteriormente se desempe\u00f1\u00f3 en el Tribunal de Juicio Oral en lo Penal de Santa Cruz, es egresada de la Universidad Austral y cuenta con un mag\u00edster en Derecho Penal de la Universidad de Chile. Adem\u00e1s, est\u00e1 acreditada como intermediadora ante el Ministerio de Justicia en la Ley de Entrevista Videograbada y ejerce como docente de Derecho Penal en la Universidad de O\u2019Higgins.<\/p>\n","protected":false},"excerpt":{"rendered":"El ministro Ricardo Pairic\u00e1n Garc\u00eda, presidente de la Corte de Apelaciones de Rancagua, ha presidido la ceremonia de&hellip;\n","protected":false},"author":3,"featured_media":1994,"comment_status":"open","ping_status":"open","sticky":false,"template":"","format":"standard","meta":{"footnotes":""},"categories":[17,10,9,23,11,21],"tags":[],"class_list":{"0":"post-1993","1":"post","2":"type-post","3":"status-publish","4":"format-standard","5":"has-post-thumbnail","7":"category-actualidad","8":"category-comunal","9":"category-portada","10":"category-principal","11":"category-regional","12":"category-rengo"},"_links":{"self":[{"href":"https:\/\/www.diariohiggins.cl\/portal\/wp-json\/wp\/v2\/posts\/1993","targetHints":{"allow":["GET"]}}],"collection":[{"href":"https:\/\/www.diariohiggins.cl\/portal\/wp-json\/wp\/v2\/posts"}],"about":[{"href":"https:\/\/www.diariohiggins.cl\/portal\/wp-json\/wp\/v2\/types\/post"}],"author":[{"embeddable":true,"href":"https:\/\/www.diariohiggins.cl\/portal\/wp-json\/wp\/v2\/users\/3"}],"replies":[{"embeddable":true,"href":"https:\/\/www.diariohiggins.cl\/portal\/wp-json\/wp\/v2\/comments?post=1993"}],"version-history":[{"count":1,"href":"https:\/\/www.diariohiggins.cl\/portal\/wp-json\/wp\/v2\/posts\/1993\/revisions"}],"predecessor-version":[{"id":1995,"href":"https:\/\/www.diariohiggins.cl\/portal\/wp-json\/wp\/v2\/posts\/1993\/revisions\/1995"}],"wp:featuredmedia":[{"embeddable":true,"href":"https:\/\/www.diariohiggins.cl\/portal\/wp-json\/wp\/v2\/media\/1994"}],"wp:attachment":[{"href":"https:\/\/www.diariohiggins.cl\/portal\/wp-json\/wp\/v2\/media?parent=1993"}],"wp:term":[{"taxonomy":"category","embeddable":true,"href":"https:\/\/www.diariohiggins.cl\/portal\/wp-json\/wp\/v2\/categories?post=1993"},{"taxonomy":"post_tag","embeddable":true,"href":"https:\/\/www.diariohiggins.cl\/portal\/wp-json\/wp\/v2\/tags?post=1993"}],"curies":[{"name":"wp","href":"https:\/\/api.w.org\/{rel}","templated":true}]}}