{"id":1968,"date":"2024-03-25T01:37:09","date_gmt":"2024-03-25T01:37:09","guid":{"rendered":"https:\/\/diariohiggins.cl\/portal\/?p=1968"},"modified":"2024-03-31T00:30:03","modified_gmt":"2024-03-31T00:30:03","slug":"ministra-de-salud-anuncia-oficialmente-el-cambio-de-nombre-del-principal-centro-asistencial-de-ohiggins-a-hospital-dr-franco-ravera-zunino","status":"publish","type":"post","link":"https:\/\/www.diariohiggins.cl\/portal\/2024\/03\/25\/ministra-de-salud-anuncia-oficialmente-el-cambio-de-nombre-del-principal-centro-asistencial-de-ohiggins-a-hospital-dr-franco-ravera-zunino\/","title":{"rendered":"Ministra de Salud anuncia oficialmente el cambio de nombre del principal centro asistencial de O\u2019Higgins a \u201cHospital Dr. Franco Ravera Zunino\u201d"},"content":{"rendered":"\n<p>El centro de salud tiene nueva denominaci\u00f3n tras la solicitud de autoridades regionales y la presentaci\u00f3n de casi 14 mil firmas de la comunidad que apoyaron reconocer la trayectoria del destacado m\u00e9dico neurocirujano.<\/p>\n\n\n\n<p>Conocido por crear el Servicio de Neurocirug\u00eda del entonces llamado Hospital Regional Rancagua, del cual tambi\u00e9n fue director, participar en diferentes iniciativas m\u00e9dicas en beneficio de los pacientes y presidente de la Sociedad de Neurocirug\u00eda de Chile. El doctor Franco Ravera Zunino, es un referente nacional de la medicina, que hoy recibi\u00f3 un solemne homenaje, encabezado por la ministra de Salud, plasmando su nombre al principal centro asistencial de la regi\u00f3n de O\u2019Higgins, a poco m\u00e1s de un a\u00f1o de su sentido fallecimiento.<\/p>\n\n\n\n<figure class=\"wp-block-image size-large\"><img decoding=\"async\" src=\"http:\/\/www.rengoenlanoticia.cl\/not\/wp-content\/uploads\/2024\/03\/IMG_6098ok.jpg\" alt=\"\"\/><\/figure>\n\n\n\n<p>\u201cFirm\u00e9 la resoluci\u00f3n que autoriza oficialmente el cambio de nombre del Hospital de Rancagua a Hospital Dr. Franco Ravera Zunino, y esto fue gracias a la comunidad que gestion\u00f3 el tr\u00e1mite y a las autoridades que apoyaron la iniciativa\u201d, sostuvo la ministra de Salud, Dra. Ximena Aguilera, agregando que \u201cel doctor Ravera fue reconocido a trav\u00e9s de los distintos testimonios por su humanizaci\u00f3n. Espero que estos valores se perpet\u00faen en el tiempo, ya que son tremendamente relevantes. Para nosotros es s\u00faper importante que avancemos como sistema de salud en un trato m\u00e1s humanizado\u201d.<\/p>\n\n\n\n<figure class=\"wp-block-image size-large\"><img decoding=\"async\" src=\"http:\/\/www.rengoenlanoticia.cl\/not\/wp-content\/uploads\/2024\/03\/IMG_6021.jpg\" alt=\"\"\/><\/figure>\n\n\n\n<p>Precisamente en el cumplea\u00f1os 55 del Dr. Franco Ravera, el establecimiento junto al Servicio de Salud O\u2019Higgins desarrollaron una emotiva ceremonia de cambio de nombre, anunciando su nueva denominaci\u00f3n a: <strong>Hospital Dr. Franco Ravera Zunino.<\/strong> En la instancia, particip\u00f3 toda la familia del neurocirujano, entre ellos, Catalina Ravera, hija mayor del m\u00e9dico. \u201cPara nosotras como familia creemos en la sincron\u00eda, que todo pasa por alguna raz\u00f3n, y en este caso estamos seguras que este era el d\u00eda para recordar, honorar y entregar el nombre de mi pap\u00e1 al hospital. Esperamos que recuerden su labor, lo que aport\u00f3, porque se entreg\u00f3 en cuerpo y alma al Servicio de Neurocirug\u00eda, al hospital, a la salud p\u00fablica. Esa era su pasi\u00f3n\u201d.<\/p>\n\n\n<div class=\"wp-block-image\">\n<figure class=\"aligncenter\"><a href=\"http:\/\/www.rengoenlanoticia.cl\/not\/wp-content\/uploads\/2024\/03\/IMG_5889.jpg\"><img decoding=\"async\" src=\"http:\/\/www.rengoenlanoticia.cl\/not\/wp-content\/uploads\/2024\/03\/IMG_5889.jpg\" alt=\"IMG_5889\" class=\"wp-image-65785\"\/><\/a><\/figure>\n<\/div>","protected":false},"excerpt":{"rendered":"El centro de salud tiene nueva denominaci\u00f3n tras la solicitud de autoridades regionales y la presentaci\u00f3n de casi&hellip;\n","protected":false},"author":1,"featured_media":1969,"comment_status":"open","ping_status":"open","sticky":false,"template":"","format":"standard","meta":{"footnotes":""},"categories":[17,10,9,23,11],"tags":[],"class_list":{"0":"post-1968","1":"post","2":"type-post","3":"status-publish","4":"format-standard","5":"has-post-thumbnail","7":"category-actualidad","8":"category-comunal","9":"category-portada","10":"category-principal","11":"category-regional"},"_links":{"self":[{"href":"https:\/\/www.diariohiggins.cl\/portal\/wp-json\/wp\/v2\/posts\/1968","targetHints":{"allow":["GET"]}}],"collection":[{"href":"https:\/\/www.diariohiggins.cl\/portal\/wp-json\/wp\/v2\/posts"}],"about":[{"href":"https:\/\/www.diariohiggins.cl\/portal\/wp-json\/wp\/v2\/types\/post"}],"author":[{"embeddable":true,"href":"https:\/\/www.diariohiggins.cl\/portal\/wp-json\/wp\/v2\/users\/1"}],"replies":[{"embeddable":true,"href":"https:\/\/www.diariohiggins.cl\/portal\/wp-json\/wp\/v2\/comments?post=1968"}],"version-history":[{"count":1,"href":"https:\/\/www.diariohiggins.cl\/portal\/wp-json\/wp\/v2\/posts\/1968\/revisions"}],"predecessor-version":[{"id":1970,"href":"https:\/\/www.diariohiggins.cl\/portal\/wp-json\/wp\/v2\/posts\/1968\/revisions\/1970"}],"wp:featuredmedia":[{"embeddable":true,"href":"https:\/\/www.diariohiggins.cl\/portal\/wp-json\/wp\/v2\/media\/1969"}],"wp:attachment":[{"href":"https:\/\/www.diariohiggins.cl\/portal\/wp-json\/wp\/v2\/media?parent=1968"}],"wp:term":[{"taxonomy":"category","embeddable":true,"href":"https:\/\/www.diariohiggins.cl\/portal\/wp-json\/wp\/v2\/categories?post=1968"},{"taxonomy":"post_tag","embeddable":true,"href":"https:\/\/www.diariohiggins.cl\/portal\/wp-json\/wp\/v2\/tags?post=1968"}],"curies":[{"name":"wp","href":"https:\/\/api.w.org\/{rel}","templated":true}]}}