{"id":1965,"date":"2024-03-25T01:33:50","date_gmt":"2024-03-25T01:33:50","guid":{"rendered":"https:\/\/diariohiggins.cl\/portal\/?p=1965"},"modified":"2024-03-25T01:44:11","modified_gmt":"2024-03-25T01:44:11","slug":"ultimos-dias-para-postular-a-proyectos-de-integracion-social-y-territorial-en-ohiggins-plazo-final-el-30-de-marzo","status":"publish","type":"post","link":"https:\/\/www.diariohiggins.cl\/portal\/2024\/03\/25\/ultimos-dias-para-postular-a-proyectos-de-integracion-social-y-territorial-en-ohiggins-plazo-final-el-30-de-marzo\/","title":{"rendered":"\u00daltimos d\u00edas para postular a proyectos de integraci\u00f3n social y territorial en O\u2019Higgins: Plazo final el 30 de marzo"},"content":{"rendered":"\n<p><em>Es importante tener en cuenta que la asignaci\u00f3n de cupos se realizar\u00e1 considerando factores como la antig\u00fcedad del subsidio, la cantidad de postulaciones previas, la residencia en la comuna del proyecto, as\u00ed como la situaci\u00f3n familiar particular.<\/em><\/p>\n\n\n\n<p>El Ministerio de Vivienda y Urbanismo de la Regi\u00f3n de O\u2019Higgins (Minvu O\u2019Higgins) recuerda a la ciudadan\u00eda que el plazo para postular al primer llamado de proyectos de integraci\u00f3n social y territorial en la regi\u00f3n finaliza el d\u00eda 30 de marzo. Esta convocatoria, que se enmarc\u00f3 en el D\u00eda del Trabajador de la Construcci\u00f3n, organizado por la C\u00e1mara Chilena de la Construcci\u00f3n, constituye una oportunidad crucial para las familias con subsidios vigentes, sin aplicar, que aspiran a acceder a viviendas dignas en comunidades inclusivas.<\/p>\n\n\n\n<p>La actividad conmemorativa se llev\u00f3 a cabo en las obras del conjunto habitacional Alto San Mart\u00edn de Rengo, uno de los tres contemplados en este llamado. En este contexto, el presidente regional de la C\u00e1mara Chilena de la Construcci\u00f3n (CCHC), Guillermo Carbacho, junto al director de Serviu O\u2019Higgins, Omar Guti\u00e9rrez, y el seremi del Trabajo, Jaime Chamorro, inspeccionaron las obras, resaltando la importancia de esta iniciativa para satisfacer la demanda habitacional en la regi\u00f3n.<\/p>\n\n\n\n<p>Seg\u00fan lo expresado por el Director Regional de Serviu, Omar Guti\u00e9rrez: \u201cAlto San Mart\u00edn es uno de los proyectos a los que se puede postular en este primer llamado, que tambi\u00e9n contempla a Villa Renku, tambi\u00e9n en Rengo, y Portal El Abra en Requ\u00ednoa. La opci\u00f3n de inscribirse y postular a trav\u00e9s de esta plataforma es uno de los tantos ejes que hemos implementado en el marco del Plan de Emergencia Habitacional, todo con el objetivo de dar respuesta a personas que no han podido aplicar su subsidio y que son de la regi\u00f3n\u201d.<\/p>\n\n\n\n<figure class=\"wp-block-image size-large\"><img decoding=\"async\" src=\"http:\/\/www.rengoenlanoticia.cl\/not\/wp-content\/uploads\/2024\/03\/Alto-San-Mart%C3%ADn-1.jpeg\" alt=\"\"\/><\/figure>\n\n\n\n<p>Por su parte, el presidente regional de la CCHC de O\u2019Higgins, Guillermo Carbacho, agreg\u00f3: \u201cHemos querido hacer un hito para celebrar a las trabajadoras y trabajadores de la construcci\u00f3n en una obra importante como es Alto San Mart\u00edn. Con este tipo de proyectos saldremos airosos con la meta del Plan de Emergencia Habitacional impuesto por el Gobierno. Felicitamos a la empresa y la gente que est\u00e1 impulsando esta obra\u201d.<\/p>\n\n\n\n<p>El proceso de inscripci\u00f3n para la asignaci\u00f3n de cupos de viviendas de proyectos de Integraci\u00f3n Social y Territorial (DS.19) en la Regi\u00f3n de O\u2019Higgins comenz\u00f3 el pasado 15 de marzo y se extender\u00e1 hasta el 30 de este mes. Dirigido a familias con subsidios vigentes correspondientes al Fondo Solidario de Elecci\u00f3n de Vivienda (DS49) y Sectores Medios (DS.1) Tramo 1, este llamado ofrece un total de 81 cupos distribuidos en los proyectos de Villa Renku (32 cupos), Alto San Mart\u00edn (15 cupos) en Rengo, y Portal El Abra (34 cupos) en Requ\u00ednoa.<\/p>\n\n\n\n<p>Los interesados pueden postular v\u00eda online a trav\u00e9s del siguiente enlace:&nbsp;<a href=\"https:\/\/serviuohiggins.minvu.cl\/noticia\/llamado-regional\/\">https:\/\/serviuohiggins.minvu.cl\/noticia\/llamado-regional\/<\/a>&nbsp;.<\/p>\n\n\n\n<p>Es importante tener en cuenta que la asignaci\u00f3n de cupos se realizar\u00e1 considerando factores como la antig\u00fcedad del subsidio, la cantidad de postulaciones previas, la residencia en la comuna del proyecto, as\u00ed como la situaci\u00f3n familiar, dando prioridad a madres solteras, divorciadas o viudas con hijos menores de 18 a\u00f1os, y a personas con familiares de 60 a\u00f1os o m\u00e1s a cargo.<\/p>\n","protected":false},"excerpt":{"rendered":"Es importante tener en cuenta que la asignaci\u00f3n de cupos se realizar\u00e1 considerando factores como la antig\u00fcedad del&hellip;\n","protected":false},"author":1,"featured_media":1966,"comment_status":"open","ping_status":"open","sticky":false,"template":"","format":"standard","meta":{"footnotes":""},"categories":[17,9,23,11],"tags":[],"class_list":{"0":"post-1965","1":"post","2":"type-post","3":"status-publish","4":"format-standard","5":"has-post-thumbnail","7":"category-actualidad","8":"category-portada","9":"category-principal","10":"category-regional"},"_links":{"self":[{"href":"https:\/\/www.diariohiggins.cl\/portal\/wp-json\/wp\/v2\/posts\/1965","targetHints":{"allow":["GET"]}}],"collection":[{"href":"https:\/\/www.diariohiggins.cl\/portal\/wp-json\/wp\/v2\/posts"}],"about":[{"href":"https:\/\/www.diariohiggins.cl\/portal\/wp-json\/wp\/v2\/types\/post"}],"author":[{"embeddable":true,"href":"https:\/\/www.diariohiggins.cl\/portal\/wp-json\/wp\/v2\/users\/1"}],"replies":[{"embeddable":true,"href":"https:\/\/www.diariohiggins.cl\/portal\/wp-json\/wp\/v2\/comments?post=1965"}],"version-history":[{"count":1,"href":"https:\/\/www.diariohiggins.cl\/portal\/wp-json\/wp\/v2\/posts\/1965\/revisions"}],"predecessor-version":[{"id":1967,"href":"https:\/\/www.diariohiggins.cl\/portal\/wp-json\/wp\/v2\/posts\/1965\/revisions\/1967"}],"wp:featuredmedia":[{"embeddable":true,"href":"https:\/\/www.diariohiggins.cl\/portal\/wp-json\/wp\/v2\/media\/1966"}],"wp:attachment":[{"href":"https:\/\/www.diariohiggins.cl\/portal\/wp-json\/wp\/v2\/media?parent=1965"}],"wp:term":[{"taxonomy":"category","embeddable":true,"href":"https:\/\/www.diariohiggins.cl\/portal\/wp-json\/wp\/v2\/categories?post=1965"},{"taxonomy":"post_tag","embeddable":true,"href":"https:\/\/www.diariohiggins.cl\/portal\/wp-json\/wp\/v2\/tags?post=1965"}],"curies":[{"name":"wp","href":"https:\/\/api.w.org\/{rel}","templated":true}]}}